{"id":149861,"date":"2026-01-29T07:32:06","date_gmt":"2026-01-29T07:32:06","guid":{"rendered":"https:\/\/www.europesays.com\/se\/149861\/"},"modified":"2026-01-29T07:32:06","modified_gmt":"2026-01-29T07:32:06","slug":"minnet-sviker-det-har-enkla-knepet-kan-hjalpa","status":"publish","type":"post","link":"https:\/\/www.europesays.com\/se\/149861\/","title":{"rendered":"Minnet sviker? Det h\u00e4r enkla knepet kan hj\u00e4lpa"},"content":{"rendered":"<p>Efter lunch \u00e4r det m\u00e5nga som k\u00e4nner hur energin tryter. Tankarna g\u00e5r l\u00e5ngsammare, koncentrationen sviktar och minnet k\u00e4nns inte lika skarpt. Nu visar ny forskning att l\u00f6sningen kan vara enklare \u00e4n m\u00e5nga tror. En kort tupplur mitt p\u00e5 dagen.<\/p>\n<p>F\u00e5r en omstart<\/p>\n<p>En vetenskaplig studie, <a href=\"https:\/\/www.sciencedirect.com\/science\/article\/pii\/S1053811926000418?via=ihub\" rel=\"nofollow noopener\" target=\"_blank\">publicerad i tidskriften NeuroImage<\/a>, visar att \u00e4ven korta s\u00f6mnperioder kan hj\u00e4lpa hj\u00e4rnan att \u00e5terh\u00e4mta sig och fungera mer effektivt.\u00a0<\/p>\n<p>Forskarna har sett att en tupplur kan ge hj\u00e4rnan en slags \u201domstart\u201d, vilket f\u00f6rb\u00e4ttrar f\u00f6rm\u00e5gan att ta in och lagra ny information, <a href=\"https:\/\/www.news55.se\/halsa\/glom-inte-tuppluren-den-hjalper-dig-att-starka-minnet\/\" rel=\"nofollow noopener\" target=\"_blank\">ber\u00e4ttar News55<\/a>.<\/p>\n<p><strong>L\u00e4s mer<\/strong>: <a href=\"https:\/\/www.e55.se\/halsa\/sa-paverkar-morgonljuset-somn-och-humor\/\" rel=\"nofollow noopener\" target=\"_blank\">S\u00e5 p\u00e5verkar morgonljuset s\u00f6mn och hum\u00f6r (E55)<\/a><\/p>\n<p>\u201dV\u00e5ra resultat tyder p\u00e5 att \u00e4ven korta s\u00f6mnperioder f\u00f6rb\u00e4ttrar hj\u00e4rnans f\u00f6rm\u00e5ga att ta in ny information\u201d, s\u00e4ger professor <strong>Christoph Nissen<\/strong>, som lett studien <a href=\"https:\/\/www.iltalehti.fi\/terveysuutiset\/a\/7e2caad3-e52e-4c55-9152-75e9f892fc59\" rel=\"nofollow noopener\" target=\"_blank\">i en kommentar<\/a> i finska tidningen Iltalehti.<\/p>\n<p>Tidigare har man trott att denna typ av \u00e5terst\u00e4llning fr\u00e4mst sker under natts\u00f6mnen. Men den nya forskningen visar att hj\u00e4rnan \u00e4ven under dagtid beh\u00f6ver vila f\u00f6r att beh\u00e5lla sin flexibilitet.<\/p>\n<p>Under en vanlig dag arbetar hj\u00e4rnan oavbrutet. Intryck, beslut och minnen st\u00e4rker kopplingarna mellan nervcellerna, de s\u00e5 kallade synapserna. N\u00e4r dessa kopplingar blir f\u00f6r starka och m\u00e5nga kan hj\u00e4rnan bli \u00f6verbelastad, vilket g\u00f6r det sv\u00e5rare att l\u00e4ra sig nya saker.<\/p>\n<p>\u201dSt\u00e4dar\u201d hj\u00e4rnan<\/p>\n<p>Forskarna beskriver tuppluren som en form av \u201dst\u00e4dning\u201d i hj\u00e4rnan. Under vilan minskar styrkan i vissa nervkopplingar, vilket skapar utrymme f\u00f6r nya minnen och f\u00f6rb\u00e4ttrad inl\u00e4rning.<\/p>\n<p>I studien fick deltagarna vila i cirka 45 minuter. Efter\u00e5t visade m\u00e4tningar att hj\u00e4rnan blivit mer mottaglig f\u00f6r ny information och b\u00e4ttre p\u00e5 att bilda nya kopplingar. Effekten m\u00e4rktes b\u00e5de i f\u00f6rb\u00e4ttrat minne och \u00f6kad koncentrationsf\u00f6rm\u00e5ga.<\/p>\n<p><strong>L\u00e4s mer<\/strong>: <a href=\"https:\/\/www.e55.se\/halsa\/en-enda-natt-med-dalig-somn-sa-paverkas-kroppen-direkt\/\" rel=\"nofollow noopener\" target=\"_blank\">En enda natt med d\u00e5lig s\u00f6mn \u2013 s\u00e5 p\u00e5verkas kroppen direkt (E55)<\/a><\/p>\n<p>\u201dKorta tupplurar kan hj\u00e4lpa dig att t\u00e4nka klarare och beh\u00e5lla fokus\u201d, s\u00e4ger Christoph Nissen.<\/p>\n<p>F\u00f6r \u00e4ldre personer, som ofta upplever att minnet inte fungerar lika snabbt som tidigare, kan en kort vila mitt p\u00e5 dagen vara ett enkelt och naturligt s\u00e4tt att ge hj\u00e4rnan b\u00e4ttre f\u00f6ruts\u00e4ttningar, utan mediciner eller avancerade metoder.<\/p>\n","protected":false},"excerpt":{"rendered":"Efter lunch \u00e4r det m\u00e5nga som k\u00e4nner hur energin tryter. Tankarna g\u00e5r l\u00e5ngsammare, koncentrationen sviktar och minnet k\u00e4nns&hellip;\n","protected":false},"author":2,"featured_media":149862,"comment_status":"","ping_status":"","sticky":false,"template":"","format":"standard","meta":{"footnotes":""},"categories":[69],"tags":[113,112,34,3748,31,33,32,30,14411],"class_list":{"0":"post-149861","1":"post","2":"type-post","3":"status-publish","4":"format-standard","5":"has-post-thumbnail","7":"category-halsa","8":"tag-halsa","9":"tag-health","10":"tag-se","11":"tag-somn","12":"tag-svenska","13":"tag-sverige","14":"tag-sweden","15":"tag-swedish","16":"tag-vila"},"share_on_mastodon":{"url":"https:\/\/pubeurope.com\/@se\/115977227047893609","error":""},"_links":{"self":[{"href":"https:\/\/www.europesays.com\/se\/wp-json\/wp\/v2\/posts\/149861","targetHints":{"allow":["GET"]}}],"collection":[{"href":"https:\/\/www.europesays.com\/se\/wp-json\/wp\/v2\/posts"}],"about":[{"href":"https:\/\/www.europesays.com\/se\/wp-json\/wp\/v2\/types\/post"}],"author":[{"embeddable":true,"href":"https:\/\/www.europesays.com\/se\/wp-json\/wp\/v2\/users\/2"}],"replies":[{"embeddable":true,"href":"https:\/\/www.europesays.com\/se\/wp-json\/wp\/v2\/comments?post=149861"}],"version-history":[{"count":0,"href":"https:\/\/www.europesays.com\/se\/wp-json\/wp\/v2\/posts\/149861\/revisions"}],"wp:featuredmedia":[{"embeddable":true,"href":"https:\/\/www.europesays.com\/se\/wp-json\/wp\/v2\/media\/149862"}],"wp:attachment":[{"href":"https:\/\/www.europesays.com\/se\/wp-json\/wp\/v2\/media?parent=149861"}],"wp:term":[{"taxonomy":"category","embeddable":true,"href":"https:\/\/www.europesays.com\/se\/wp-json\/wp\/v2\/categories?post=149861"},{"taxonomy":"post_tag","embeddable":true,"href":"https:\/\/www.europesays.com\/se\/wp-json\/wp\/v2\/tags?post=149861"}],"curies":[{"name":"wp","href":"https:\/\/api.w.org\/{rel}","templated":true}]}}