{"id":149926,"date":"2026-01-29T08:53:07","date_gmt":"2026-01-29T08:53:07","guid":{"rendered":"https:\/\/www.europesays.com\/se\/149926\/"},"modified":"2026-01-29T08:53:07","modified_gmt":"2026-01-29T08:53:07","slug":"for-kulornas-skull-cancerstiftelsen-startar-kampanj-for-att-fa-man-att-ga-till-urologen-inrikes","status":"publish","type":"post","link":"https:\/\/www.europesays.com\/se\/149926\/","title":{"rendered":"\u201dF\u00f6r kulornas skull\u201d \u2013 Cancer\u00adstiftelsen startar kampanj f\u00f6r att f\u00e5 m\u00e4n att g\u00e5 till urologen | Inrikes"},"content":{"rendered":"<p class=\"aw-1gybjub aw-5vja16 kEtdKx kmuxyA yle__article__paragraph\">Tv\u00e5 av tre finl\u00e4ndska m\u00e4n har aldrig varit hos en urolog, visar en enk\u00e4t av Cancer\u00adstiftelsen.<\/p>\n<p><img decoding=\"async\" alt=\"En patient som ligger inne i en magnetr\u00f6ntgen. \" src=\"https:\/\/www.europesays.com\/se\/wp-content\/uploads\/2026\/01\/39-133758266c83d10a0871.jpeg\" class=\"aw-1l9m598 hKVVvP\"\/><\/p>\n<p>\u00d6ppna bildvisare<\/p>\n<p>Prostatacancer \u00e4r den vanligaste formen av cancer bland alla m\u00e4n och testikelcancer den vanligaste bland unga m\u00e4n. Bild: M\u00e5rten Lamp\u00e9n \/ YleLyssna (du h\u00f6r en artificiell r\u00f6st) 2:51<\/p>\n<p class=\"aw-1gybjub aw-1p7kakr kEtdKx cEmitX yle__article__paragraph\">Cancerstiftelsen inleder i dag sin <a class=\"aw-iao6s4 iHOxEa yle__article__link\" href=\"https:\/\/www.sttinfo.fi\/tiedote\/71771024\/kysely-kaksi-kolmesta-suomalaismiehesta-ei-ole-koskaan-kaynyt-urologilla-eturauhassyopa-yleisin-miesten-syopa?publisherId=69820265&amp;lang=fi\" role=\"link\" rel=\"nofollow noopener\" target=\"_blank\">insamling \u201dF\u00f6r kulornas skull\u201d<\/a> till f\u00f6rm\u00e5n f\u00f6r forskningen om cancer hos m\u00e4n. Det finns mycket att g\u00f6ra vad g\u00e4ller h\u00e4lsofr\u00e4mjande hos m\u00e4n, konstaterar stiftelsen utg\u00e5ende fr\u00e5n svaren p\u00e5 deras enk\u00e4t 2025.<\/p>\n<p class=\"aw-1gybjub aw-1p7kakr kEtdKx cEmitX yle__article__paragraph\">M\u00e4n borde g\u00e5 till urolog med l\u00e4gre tr\u00f6skel och diskussionen kring m\u00e4nnens h\u00e4lsa borde normaliseras, konstateras det i pressmeddelandet.<\/p>\n<p class=\"aw-1gybjub aw-1p7kakr kEtdKx cEmitX yle__article__paragraph\">M\u00e5let \u00e4r att tillr\u00e4ckligt tidigt diagnostisera de vanligaste cancerformerna s\u00e5 att de kan behandlas effektivt.<\/p>\n<p class=\"aw-1gybjub aw-1p7kakr kEtdKx cEmitX yle__article__paragraph\">Bakgrunden \u00e4r att prostatacancer \u00e4r den vanligaste formen av cancer bland alla m\u00e4n och testikelcancer \u00e4r den vanligaste cancerformen bland unga m\u00e4n i \u00e5ldern 20\u201340.<\/p>\n<p class=\"aw-1gybjub aw-1p7kakr kEtdKx cEmitX yle__article__paragraph\">\u00d6ver 5\u00a0500 nya fall av prostatacancer diagnostiseras och cirka 160 m\u00e4n insjuknar i testikelcancer varje \u00e5r, visar Cancerstiftelsens enk\u00e4t.<\/p>\n<p>De flesta har aldrig unders\u00f6kts av urolog<\/p>\n<p class=\"aw-1gybjub aw-1p7kakr kEtdKx cEmitX yle__article__paragraph\">Samtidigt har majoriteten av m\u00e4nnen i Finland aldrig varit hos en urolog. Tv\u00e5 av tre har aldrig varit p\u00e5 urologmottagning, 78 procent uppger att de heller aldrig uppmanats kontakta en urolog.<\/p>\n<p class=\"aw-1gybjub aw-1p7kakr kEtdKx cEmitX yle__article__paragraph\">Endast fem procent av m\u00e4nnen s\u00e4ger sig g\u00e5 hos en urolog regelbundet. M\u00e4n som uttryckligen uppmanas boka en urologtid brukar d\u00e4remot g\u00f6ra det.<\/p>\n<p class=\"aw-1gybjub aw-1p7kakr kEtdKx cEmitX yle__article__paragraph\">Enk\u00e4ten visar att det finns en stor klyfta mellan vad m\u00e4n vet om h\u00e4lsan och vad de sedan g\u00f6r i verkligheten. De flesta, 92 procent, s\u00e4ger att de k\u00e4nner till varningssymptomen f\u00f6r cancer. Bara 25 procent s\u00e4ger att de skulle s\u00f6ka v\u00e5rd snabbt.<\/p>\n<p>S\u00f6lar f\u00f6r att det kanske g\u00e5r om<\/p>\n<p class=\"aw-1gybjub aw-1p7kakr kEtdKx cEmitX yle__article__paragraph\">De vanligaste sk\u00e4len till att m\u00e4n s\u00f6lar \u00e4r att de t\u00e4nker att symptomen inte \u00e4r allvarliga eller att de f\u00f6rsvinner. Vissa motiverade sitt svar med att symptomen \u00e4r pinsamma och att de d\u00e4rf\u00f6r inte vill prata om saken.<\/p>\n<p class=\"aw-1gybjub aw-1p7kakr kEtdKx cEmitX yle__article__paragraph\">De m\u00e4n som varit hos en urolog har en b\u00e4ttre uppfattning om grundl\u00e4ggande fr\u00e5gor r\u00f6rande prostatan. De talar mer sannolikt med sina n\u00e4rst\u00e5ende om symptom som tyder p\u00e5 cancer, j\u00e4mf\u00f6rt med m\u00e4n som aldrig varit hos en urolog.<\/p>\n<p class=\"aw-1gybjub aw-1p7kakr kEtdKx cEmitX yle__article__paragraph\">De n\u00e4rst\u00e5endes betydelse betonas i m\u00e4nnens beslut om sin egen h\u00e4lsa. Tv\u00e5 av tre m\u00e4n uppger att de skulle ber\u00e4tta om symptom som tyder p\u00e5 cancer f\u00f6r sin partner eller annan n\u00e4rst\u00e5ende, och en tredjedel av m\u00e4nnen ber om h\u00e4lsorelaterade r\u00e5d just av sina n\u00e4rst\u00e5ende.<\/p>\n<p class=\"aw-1gybjub aw-1p7kakr kEtdKx cEmitX yle__article__paragraph\">Insamlingen \u201dF\u00f6r kulornas skull\u201d p\u00e5g\u00e5r till slutet av mars. Frontfigurerna f\u00f6r insamlingen \u00e4r v\u00e4lk\u00e4nda namn som ishockeylegenden <strong class=\"aw-ak79eh KyCXm yle__article__strong\">Marko \u201dM\u00f6rk\u00f6\u201d Anttila<\/strong> och artisten <strong class=\"aw-ak79eh KyCXm yle__article__strong\">Arttu Wiskari<\/strong>. Samarbetspartner \u00e4r bland andra den finl\u00e4ndska hockeyligan Liiga och tv-kanalen MTV.<\/p>\n","protected":false},"excerpt":{"rendered":"Tv\u00e5 av tre finl\u00e4ndska m\u00e4n har aldrig varit hos en urolog, visar en enk\u00e4t av Cancer\u00adstiftelsen. \u00d6ppna bildvisare&hellip;\n","protected":false},"author":2,"featured_media":149927,"comment_status":"","ping_status":"","sticky":false,"template":"","format":"standard","meta":{"footnotes":""},"categories":[69],"tags":[1761,3216,2296,684,113,112,683,14417,1836,34,31,33,32,30,14418],"class_list":{"0":"post-149926","1":"post","2":"type-post","3":"status-publish","4":"format-standard","5":"has-post-thumbnail","7":"category-halsa","8":"tag-cancer","9":"tag-cancerbehandlingar","10":"tag-cancersjukdomar","11":"tag-finland","12":"tag-halsa","13":"tag-health","14":"tag-inrikes","15":"tag-mannens-cancer","16":"tag-prostatacancer","17":"tag-se","18":"tag-svenska","19":"tag-sverige","20":"tag-sweden","21":"tag-swedish","22":"tag-urolog"},"share_on_mastodon":{"url":"https:\/\/pubeurope.com\/@se\/115977545589800599","error":""},"_links":{"self":[{"href":"https:\/\/www.europesays.com\/se\/wp-json\/wp\/v2\/posts\/149926","targetHints":{"allow":["GET"]}}],"collection":[{"href":"https:\/\/www.europesays.com\/se\/wp-json\/wp\/v2\/posts"}],"about":[{"href":"https:\/\/www.europesays.com\/se\/wp-json\/wp\/v2\/types\/post"}],"author":[{"embeddable":true,"href":"https:\/\/www.europesays.com\/se\/wp-json\/wp\/v2\/users\/2"}],"replies":[{"embeddable":true,"href":"https:\/\/www.europesays.com\/se\/wp-json\/wp\/v2\/comments?post=149926"}],"version-history":[{"count":0,"href":"https:\/\/www.europesays.com\/se\/wp-json\/wp\/v2\/posts\/149926\/revisions"}],"wp:featuredmedia":[{"embeddable":true,"href":"https:\/\/www.europesays.com\/se\/wp-json\/wp\/v2\/media\/149927"}],"wp:attachment":[{"href":"https:\/\/www.europesays.com\/se\/wp-json\/wp\/v2\/media?parent=149926"}],"wp:term":[{"taxonomy":"category","embeddable":true,"href":"https:\/\/www.europesays.com\/se\/wp-json\/wp\/v2\/categories?post=149926"},{"taxonomy":"post_tag","embeddable":true,"href":"https:\/\/www.europesays.com\/se\/wp-json\/wp\/v2\/tags?post=149926"}],"curies":[{"name":"wp","href":"https:\/\/api.w.org\/{rel}","templated":true}]}}