{"id":149950,"date":"2026-01-29T09:09:10","date_gmt":"2026-01-29T09:09:10","guid":{"rendered":"https:\/\/www.europesays.com\/se\/149950\/"},"modified":"2026-01-29T09:09:10","modified_gmt":"2026-01-29T09:09:10","slug":"hur-farligt-kan-nipah-viruset-bli-aftonbladet-podcast-2","status":"publish","type":"post","link":"https:\/\/www.europesays.com\/se\/149950\/","title":{"rendered":"Hur farligt kan Nipah-viruset bli? \u2013 Aftonbladet podcast"},"content":{"rendered":"<p class=\"hyperion-css-81xgzb\" data-test-tag=\"lead-text\">Just nu p\u00e5g\u00e5r ett utbrott av det s\u00e5 kallade Nipahviruset i Indien. Ett virus som sprids fr\u00e5n djur som grisar eller fladderm\u00f6ss till m\u00e4nniskor och som kan leda till andn\u00f6d, lunginflammation och hj\u00e4rninflammation. <br \/>Det finns varken vaccin eller botemedel mot Nipahviruset i dagsl\u00e4get. <br \/>Men \u00e4r det ett virus som kan skapa en pandemi?<br \/>Hur kan spridningen se ut?<br \/>Och hur oroliga ska vi vara?<br \/>G\u00e4st: Niklas Arnberg, professor i virologi vid Ume\u00e5 universitet och generalsekreterare f\u00f6r virus- och pandemifonden.<br \/>Programledare och producent: Olivia Svenson.<br \/>Kontakt: podcast@aftonbladet.se<br \/>Ansvarig utgivare: Lotta Folcker.<\/p>\n<p class=\"hyperion-css-1nltwgz\">TORSDAG 29 JANUARI 2026<\/p>\n<p>Alla Aftonbladets podcasts<\/p>\n","protected":false},"excerpt":{"rendered":"Just nu p\u00e5g\u00e5r ett utbrott av det s\u00e5 kallade Nipahviruset i Indien. Ett virus som sprids fr\u00e5n djur&hellip;\n","protected":false},"author":2,"featured_media":27149,"comment_status":"","ping_status":"","sticky":false,"template":"","format":"standard","meta":{"footnotes":""},"categories":[69],"tags":[113,112,34,31,33,32,30],"class_list":{"0":"post-149950","1":"post","2":"type-post","3":"status-publish","4":"format-standard","5":"has-post-thumbnail","7":"category-halsa","8":"tag-halsa","9":"tag-health","10":"tag-se","11":"tag-svenska","12":"tag-sverige","13":"tag-sweden","14":"tag-swedish"},"share_on_mastodon":{"url":"https:\/\/pubeurope.com\/@se\/115977608448645155","error":""},"_links":{"self":[{"href":"https:\/\/www.europesays.com\/se\/wp-json\/wp\/v2\/posts\/149950","targetHints":{"allow":["GET"]}}],"collection":[{"href":"https:\/\/www.europesays.com\/se\/wp-json\/wp\/v2\/posts"}],"about":[{"href":"https:\/\/www.europesays.com\/se\/wp-json\/wp\/v2\/types\/post"}],"author":[{"embeddable":true,"href":"https:\/\/www.europesays.com\/se\/wp-json\/wp\/v2\/users\/2"}],"replies":[{"embeddable":true,"href":"https:\/\/www.europesays.com\/se\/wp-json\/wp\/v2\/comments?post=149950"}],"version-history":[{"count":0,"href":"https:\/\/www.europesays.com\/se\/wp-json\/wp\/v2\/posts\/149950\/revisions"}],"wp:featuredmedia":[{"embeddable":true,"href":"https:\/\/www.europesays.com\/se\/wp-json\/wp\/v2\/media\/27149"}],"wp:attachment":[{"href":"https:\/\/www.europesays.com\/se\/wp-json\/wp\/v2\/media?parent=149950"}],"wp:term":[{"taxonomy":"category","embeddable":true,"href":"https:\/\/www.europesays.com\/se\/wp-json\/wp\/v2\/categories?post=149950"},{"taxonomy":"post_tag","embeddable":true,"href":"https:\/\/www.europesays.com\/se\/wp-json\/wp\/v2\/tags?post=149950"}],"curies":[{"name":"wp","href":"https:\/\/api.w.org\/{rel}","templated":true}]}}