{"id":149998,"date":"2026-01-29T10:01:08","date_gmt":"2026-01-29T10:01:08","guid":{"rendered":"https:\/\/www.europesays.com\/se\/149998\/"},"modified":"2026-01-29T10:01:08","modified_gmt":"2026-01-29T10:01:08","slug":"whatsapp-lanserar-nytt-hogsakerhetslage-for-anvandare-med-forhojd-hotbild","status":"publish","type":"post","link":"https:\/\/www.europesays.com\/se\/149998\/","title":{"rendered":"Whatsapp lanserar nytt h\u00f6gs\u00e4kerhetsl\u00e4ge f\u00f6r anv\u00e4ndare med f\u00f6rh\u00f6jd hotbild"},"content":{"rendered":"<p> <img fetchpriority=\"high\" decoding=\"async\" width=\"720\" height=\"480\" src=\"https:\/\/www.europesays.com\/se\/wp-content\/uploads\/2026\/01\/whatsapp-ios-iphone-phone-homescreen-apps-1370780-pxhere.com_.jpg\" class=\"attachment-full size-full\" alt=\"\"   data-eio=\"p\"\/><\/p>\n<p>Det nya l\u00e4get aktiveras via ett enkelt val i inst\u00e4llningarna och inneb\u00e4r bland annat att bilagor och media fr\u00e5n ok\u00e4nda avs\u00e4ndare blockeras, f\u00f6rhandsvisningar av l\u00e4nkar st\u00e4ngs av och samtal fr\u00e5n ok\u00e4nda kontakter tystas. Enligt Whatsapp \u00e4r dessa funktioner k\u00e4nda angreppsytor som ofta utnyttjas vid riktad \u00f6vervakning och avancerade intr\u00e5ng.<\/p>\n<p class=\"has-medium-font-size\"><strong>Del av bredare trend i tekniksektorn<\/strong><\/p>\n<p>Whatsapp, som \u00e4gs av Meta Platforms, \u00e4r d\u00e4rmed det tredje stora amerikanska teknikbolaget som erbjuder ett s\u00e4rskilt s\u00e4kerhetsl\u00e4ge f\u00f6r h\u00f6griskanv\u00e4ndare.<\/p>\n<p>\u00c5r 2022 lanserade Apple sitt s\u00e5 kallade Lockdown Mode f\u00f6r iPhone och macOS, ett l\u00e4ge som kraftigt begr\u00e4nsar funktionalitet f\u00f6r att minska risken f\u00f6r avancerade attacker. Funktionen st\u00e4nger bland annat av de flesta typer av bilagor i meddelanden och inf\u00f6r restriktioner f\u00f6r samtal och webbsurfning.<\/p>\n<p>\u00c4ven Alphabe<strong>t<\/strong> har inf\u00f6rt ett motsvarande skydd. Under 2025 b\u00f6rjade Android erbjuda Advanced Protection Mode, som bland annat begr\u00e4nsar installation av appar utanf\u00f6r Googles egen appbutik och sk\u00e4rper kontos\u00e4kerheten.<\/p>\n<p>Gemensamt f\u00f6r samtliga l\u00f6sningar \u00e4r att de inneb\u00e4r ett medvetet avkall p\u00e5 anv\u00e4ndarv\u00e4nlighet till f\u00f6rm\u00e5n f\u00f6r \u00f6kad s\u00e4kerhet.<\/p>\n<p class=\"has-medium-font-size\"><strong>V\u00e4lkomnas av s\u00e4kerhetsforskare<\/strong><\/p>\n<p>Lanseringen v\u00e4lkomnas av s\u00e4kerhetsforskare som arbetar med att skydda civilsamh\u00e4llets akt\u00f6rer mot digital \u00f6vervakning. John Scott-Railton vid The Citizen Lab vid University of Toronto beskriver WhatsApps initiativ som ett viktigt steg.<\/p>\n<p>Han menar att funktionen kan bidra till ett st\u00e4rkt skydd f\u00f6r dissidenter och aktivister, samtidigt som den s\u00e4tter press p\u00e5 andra teknikbolag att erbjuda motsvarande skyddsniv\u00e5er.<\/p>\n<p>F\u00f6r s\u00e4kerhetsbranschen och organisationer med skyddsv\u00e4rd personal ses utvecklingen som ytterligare ett tecken p\u00e5 att hotbilden mot individer \u00f6kar \u2013 och att differentierade s\u00e4kerhetsniv\u00e5er i kommersiella plattformar blir allt vanligare.<\/p>\n<p class=\"legal\">Aktuell S\u00e4kerhet jobbar f\u00f6r alla som vill g\u00f6ra s\u00e4krare aff\u00e4rer och \u00e4r d\u00e4rf\u00f6r en s\u00e4ker informationsk\u00e4lla f\u00f6r s\u00e4kerhetsansvariga inom s\u00e5v\u00e4l privat som statlig och kommunal sektor. Vi str\u00e4var efter f\u00f6rstahandsk\u00e4llor och att vara p\u00e5 plats d\u00e4r det h\u00e4nder. Trov\u00e4rdighet och opartiskhet \u00e4r centrala v\u00e4rden f\u00f6r v\u00e5r nyhetsjournalistik<\/p>\n<p>Skaffa Aktuell S\u00e4kerhet Nyhetsbrev<\/p>\n<p>Genom att klicka p\u00e5 &#8221;Prenumerera&#8221; ger du samtycke till att vi sparar och anv\u00e4nder dina personuppgifter i enlighet med v\u00e5r integritetspolicy.<\/p>\n","protected":false},"excerpt":{"rendered":"Det nya l\u00e4get aktiveras via ett enkelt val i inst\u00e4llningarna och inneb\u00e4r bland annat att bilagor och media&hellip;\n","protected":false},"author":2,"featured_media":149999,"comment_status":"","ping_status":"","sticky":false,"template":"","format":"standard","meta":{"footnotes":"","_share_on_mastodon":"0"},"categories":[66],"tags":[2226,80,78,79,34,31,33,32,30,81,84,83,82,8757],"class_list":["post-149998","post","type-post","status-publish","format-standard","has-post-thumbnail","category-vetenskap-och-teknik","tag-meta","tag-science","tag-science-and-technology","tag-scienceandtechnology","tag-se","tag-svenska","tag-sverige","tag-sweden","tag-swedish","tag-technology","tag-teknik","tag-vetenskap","tag-vetenskapteknik","tag-whatsapp"],"share_on_mastodon":{"url":"https:\/\/pubeurope.com\/@se\/115977812884088644","error":""},"_links":{"self":[{"href":"https:\/\/www.europesays.com\/se\/wp-json\/wp\/v2\/posts\/149998","targetHints":{"allow":["GET"]}}],"collection":[{"href":"https:\/\/www.europesays.com\/se\/wp-json\/wp\/v2\/posts"}],"about":[{"href":"https:\/\/www.europesays.com\/se\/wp-json\/wp\/v2\/types\/post"}],"author":[{"embeddable":true,"href":"https:\/\/www.europesays.com\/se\/wp-json\/wp\/v2\/users\/2"}],"replies":[{"embeddable":true,"href":"https:\/\/www.europesays.com\/se\/wp-json\/wp\/v2\/comments?post=149998"}],"version-history":[{"count":0,"href":"https:\/\/www.europesays.com\/se\/wp-json\/wp\/v2\/posts\/149998\/revisions"}],"wp:featuredmedia":[{"embeddable":true,"href":"https:\/\/www.europesays.com\/se\/wp-json\/wp\/v2\/media\/149999"}],"wp:attachment":[{"href":"https:\/\/www.europesays.com\/se\/wp-json\/wp\/v2\/media?parent=149998"}],"wp:term":[{"taxonomy":"category","embeddable":true,"href":"https:\/\/www.europesays.com\/se\/wp-json\/wp\/v2\/categories?post=149998"},{"taxonomy":"post_tag","embeddable":true,"href":"https:\/\/www.europesays.com\/se\/wp-json\/wp\/v2\/tags?post=149998"}],"curies":[{"name":"wp","href":"https:\/\/api.w.org\/{rel}","templated":true}]}}