{"id":150006,"date":"2026-01-29T10:09:16","date_gmt":"2026-01-29T10:09:16","guid":{"rendered":"https:\/\/www.europesays.com\/se\/150006\/"},"modified":"2026-01-29T10:09:16","modified_gmt":"2026-01-29T10:09:16","slug":"apple-skriver-pa-jatteavtal-nagra-av-varldens-storsta-fantasybocker-blir-film","status":"publish","type":"post","link":"https:\/\/www.europesays.com\/se\/150006\/","title":{"rendered":"Apple skriver p\u00e5 j\u00e4tteavtal &#8211; n\u00e5gra av v\u00e4rldens st\u00f6rsta fantasyb\u00f6cker blir film"},"content":{"rendered":"<p>Dagen m\u00e5nget fantasyfan v\u00e4ntat p\u00e5 \u00e4r \u00e4ntligen h\u00e4r: <strong>Brandon Sandersons fantasyuniversum<\/strong> <strong>\u201dCosmere<\/strong>\u201d ska filmatiseras. Det \u00e4r Apple som skaffat sig r\u00e4ttigheterna till alla de b\u00f6cker och v\u00e4rldar som ing\u00e5r, enligt en exklusiv rapport fr\u00e5n <a href=\"https:\/\/www.hollywoodreporter.com\/movies\/movie-news\/brandon-sandersons-mistborn-stormlight-archive-movie-tv-1236487271\/\" rel=\"nofollow noopener\" target=\"_blank\">The Hollywood Reporter<\/a>.<\/p>\n<p>Sanderson ska ha haft m\u00f6ten med i princip alla Hollywoods stora studios, och slutligen valt Apple som partner. Enligt THRs rapport har Sanderson f\u00e5tt ett oerh\u00f6rt f\u00f6rm\u00e5nligt avtal, och kommer ha kreativ kontroll \u00f6ver hur hans verk adapteras p\u00e5 en niv\u00e5 som inte ens J.K. Rowling eller George R.R. Martin haft. Sanderson v\u00e4ntas b\u00e5de skriva, producera, planera och konsultera n\u00e4r hans b\u00f6cker nu g\u00f6rs om till film och TV-serie.<\/p>\n<p>Och det \u00e4r b\u00e5de film och serie som \u00e4r aktuellt. Sandersons \u201dMistborn\u201d-b\u00f6cker ska g\u00f6ras som film, medan hans mastodontepos \u201dThe Stormlight Archive\u201d blir TV-serie. \u00c4n s\u00e5 l\u00e4nge finns det varken regiss\u00f6rer eller sk\u00e5despelare.<\/p>\n<p>Vad \u00e4r \u201dThe Cosmere\u201d? Och vem \u00e4r Brandon Sanderson?<\/p>\n<p>Brandon Sanderson \u00e4r en av de mest framg\u00e5ngsrika och produktiva f\u00f6rfattarna inom modern fantasy. Han \u00e4r inte bara k\u00e4nd f\u00f6r sin f\u00f6rm\u00e5ga att skriva b\u00f6cker i rasande tempo (han har tillochmed \u201dr\u00e5kat\u201d skriva ett par b\u00f6cker), utan ocks\u00e5 f\u00f6r sin stora och dedikerade fanskara: den l\u00e4r vara ett sk\u00e4l till att han kan f\u00f6rhandla till sig s\u00e5pass mycket kontroll fr\u00e5n Apple.<\/p>\n<p>Mest ber\u00f6md l\u00e4r Sanderson \u00e4nd\u00e5 vara f\u00f6r just \u201dCosmere\u201d, som \u00e4r ett vidstr\u00e4ckt universum (bokstavligen, vi pratar en galax, \u00e5tminstone), som best\u00e5r av m\u00e4ngder med olika planeter och ett par olika dimensioner. Varje v\u00e4rld har en egen historia, egna karakt\u00e4rer och egna magisystem, och \u00e4r f\u00f6rem\u00e5l f\u00f6r en egen bokserie: \u201dMistborn\u201d ber\u00f6r till exempel h\u00e4ndelserna p\u00e5 den jordlika planeten Scadrial, medan \u201dStormlight\u201d \u00e4ger rum p\u00e5 den stormiga v\u00e4rlden Roshar.<\/p>\n<p>Ber\u00e4ttelserna i \u201dCosmere\u201d \u00e4r f\u00f6r det mesta frist\u00e5ende, men det finns karakt\u00e4rer som skuttar runt mellan v\u00e4rldarna och vissa r\u00f6da tr\u00e5dar som f\u00e5r allt att h\u00e4nga samman. Bakgrunden till allt som sker \u00e4r splittringen av Adonalsium, en mystisk, gudaliknande gestalt vars d\u00f6d ledde till att sexton m\u00e4nniskor fick gudalika krafter och b\u00f6rjade manipulera h\u00e4ndelser, milj\u00f6er och magi p\u00e5 de olika planeterna.<\/p>\n<p>Nu hoppas vi att allt g\u00e5r som smort f\u00f6r Sanderson och Apple: den kombination av smart ber\u00e4ttande, kreativt v\u00e4rldsbygge, \u00e4lskv\u00e4rda karakt\u00e4rer och f\u00f6r att inte tala om crossover och p\u00e5sk\u00e4ggs-potentialen i Sandersons b\u00f6cker torde kunna g\u00f6ra dem till ett fenomen utav like. H\u00e5ller adaptionerna bara h\u00f6g kvalitet s\u00e5 kan Apple mycket v\u00e4l ha vaskat fram guld h\u00e4r. <\/p>\n<p>L\u00e4s ocks\u00e5: <a href=\"https:\/\/www.moviezine.se\/nyheter\/blir-det-har-nasta-the-witcher-en-av-varldens-storsta-fantasyberattelser-kan-bli-storslaget-spel\" title=\"Blir det h\u00e4r n\u00e4sta \u201dThe Witcher? En av v\u00e4rldens st\u00f6rsta fantasyber\u00e4ttelser kan bli storslaget spel\" class=\"underline-custom !font-montserrat !font-bold !underline-offset-4 !decoration-4 !decoration-moviezine-green !text-md\" rel=\"nofollow noopener\" target=\"_blank\">Blir det h\u00e4r n\u00e4sta \u201dThe Witcher? En av v\u00e4rldens st\u00f6rsta fantasyber\u00e4ttelser kan bli storslaget spel<\/a><\/p>\n<p>L\u00e4s ocks\u00e5: <a href=\"https:\/\/www.moviezine.se\/nyheter\/hjulet-har-snurrat-fardigt-the-wheel-of-time-laggs-ner-efter-tre-sasonger\" title=\"Hjulet har snurrat f\u00e4rdigt \u2013 \u201dThe Wheel of Time\u201d l\u00e4ggs ner efter 3 s\u00e4songer\" class=\"underline-custom !font-montserrat !font-bold !underline-offset-4 !decoration-4 !decoration-moviezine-green !text-md\" rel=\"nofollow noopener\" target=\"_blank\">Hjulet har snurrat f\u00e4rdigt \u2013 \u201dThe Wheel of Time\u201d l\u00e4ggs ner efter 3 s\u00e4songer<\/a><\/p>\n","protected":false},"excerpt":{"rendered":"Dagen m\u00e5nget fantasyfan v\u00e4ntat p\u00e5 \u00e4r \u00e4ntligen h\u00e4r: Brandon Sandersons fantasyuniversum \u201dCosmere\u201d ska filmatiseras. Det \u00e4r Apple som&hellip;\n","protected":false},"author":2,"featured_media":150007,"comment_status":"","ping_status":"","sticky":false,"template":"","format":"standard","meta":{"footnotes":"","_share_on_mastodon":"0"},"categories":[66],"tags":[2570,2971,2278,3242,80,78,79,34,31,33,32,30,81,84,83,82],"class_list":["post-150006","post","type-post","status-publish","format-standard","has-post-thumbnail","category-vetenskap-och-teknik","tag-apple-tv-plus","tag-fantasy","tag-kommande-filmer","tag-kommande-serier","tag-science","tag-science-and-technology","tag-scienceandtechnology","tag-se","tag-svenska","tag-sverige","tag-sweden","tag-swedish","tag-technology","tag-teknik","tag-vetenskap","tag-vetenskapteknik"],"share_on_mastodon":{"url":"https:\/\/pubeurope.com\/@se\/115977844310783577","error":""},"_links":{"self":[{"href":"https:\/\/www.europesays.com\/se\/wp-json\/wp\/v2\/posts\/150006","targetHints":{"allow":["GET"]}}],"collection":[{"href":"https:\/\/www.europesays.com\/se\/wp-json\/wp\/v2\/posts"}],"about":[{"href":"https:\/\/www.europesays.com\/se\/wp-json\/wp\/v2\/types\/post"}],"author":[{"embeddable":true,"href":"https:\/\/www.europesays.com\/se\/wp-json\/wp\/v2\/users\/2"}],"replies":[{"embeddable":true,"href":"https:\/\/www.europesays.com\/se\/wp-json\/wp\/v2\/comments?post=150006"}],"version-history":[{"count":0,"href":"https:\/\/www.europesays.com\/se\/wp-json\/wp\/v2\/posts\/150006\/revisions"}],"wp:featuredmedia":[{"embeddable":true,"href":"https:\/\/www.europesays.com\/se\/wp-json\/wp\/v2\/media\/150007"}],"wp:attachment":[{"href":"https:\/\/www.europesays.com\/se\/wp-json\/wp\/v2\/media?parent=150006"}],"wp:term":[{"taxonomy":"category","embeddable":true,"href":"https:\/\/www.europesays.com\/se\/wp-json\/wp\/v2\/categories?post=150006"},{"taxonomy":"post_tag","embeddable":true,"href":"https:\/\/www.europesays.com\/se\/wp-json\/wp\/v2\/tags?post=150006"}],"curies":[{"name":"wp","href":"https:\/\/api.w.org\/{rel}","templated":true}]}}