{"id":150063,"date":"2026-01-29T11:02:07","date_gmt":"2026-01-29T11:02:07","guid":{"rendered":"https:\/\/www.europesays.com\/se\/150063\/"},"modified":"2026-01-29T11:02:07","modified_gmt":"2026-01-29T11:02:07","slug":"podden-funkar-for-oss-ar-som-en-godispase-fylld-av-sex-och-relationer","status":"publish","type":"post","link":"https:\/\/www.europesays.com\/se\/150063\/","title":{"rendered":"Podden \u201dFunkar f\u00f6r oss\u201d \u00e4r som en godisp\u00e5se fylld av sex och relationer"},"content":{"rendered":"<p class=\"normal\">Personerna bakom Funkar f\u00f6r oss \u00e4r Ronnie Larsson, Sanna Sahl och Bj\u00f6rn Larsson p\u00e5 Redaktionens dagliga verksamhet och forskaren Anna Hart som arbetar i funktionsst\u00f6dsf\u00f6rvaltningen. Ronnie beskriver podden som en godisp\u00e5se:<\/p>\n<p class=\"normal\">\u2013 Det \u00e4r surt, salt, s\u00f6tt och beskt. Som en karamell som ska sm\u00e4lta p\u00e5 tungan.<\/p>\n<p>Bjuder b\u00e5de p\u00e5 igenk\u00e4nning och en klapp p\u00e5 axeln<\/p>\n<p class=\"normal\">Deltagarna delar med sig av olika perspektiv och erfarenheter:<\/p>\n<p class=\"normal\">\u2013 Det finns en bild av att personer med funktioneds\u00e4ttning antingen \u00e4r asexuella eller hypersexuella. Vi vill bredda den bilden och se vilka utmaningar som finns i att ha relationer. Vi sprider kunskap samtidigt som folk kan k\u00e4nna igen sig och f\u00e5 en klapp p\u00e5 axeln, s\u00e4ger Sanna.<\/p>\n<p class=\"normal\">\u2013 Vi \u00e4r s\u00e5 f\u00f6rnuftiga och of\u00f6rnuftiga att vi har svar p\u00e5 det mesta, till\u00e4gger Bj\u00f6rn.<\/p>\n<p class=\"normal\">Hittills \u00e4r fyra avsnitt av podden sl\u00e4ppta, men fler \u00e4r p\u00e5 g\u00e5ng. I ett avsnitt om hur man g\u00f6r f\u00f6r att tr\u00e4ffa n\u00e5gon delar Ronnie med sig av hur det kan vara att internetdejta:<\/p>\n<p class=\"normal\">\u2013 Har jag skrivit att jag har autism \u00e4r det precis som att \u201dnej tack jag vill inte vara med dig\u201d. Jag \u00e4r s\u00e5 tr\u00f6tt p\u00e5 f\u00f6rdomar, varf\u00f6r kan jag inte f\u00e5 bli \u00e4lskad och sedd f\u00f6r den jag \u00e4r?<\/p>\n<p>Tillg\u00e4ngligg\u00f6r forskning<\/p>\n<p class=\"normal\">Podden \u00e4r ocks\u00e5 ett s\u00e4tt att tillg\u00e4ngligg\u00f6ra forskning kring personer med funktionsneds\u00e4ttning och sexualitet, ber\u00e4ttar Anna:<\/p>\n<p class=\"normal\">\u2013 Vi vecklar upp en del av forskningen och s\u00e4tter den i ett sammanhang, s\u00e5 att den blir l\u00e4ttare att ta till sig.<\/p>\n<p class=\"normal\">\u2013 Alla vet inte var man hittar forskningsrapporter eller hur man l\u00e4ser dem, inflikar Sanna.<\/p>\n<p class=\"normal\">Poddarnas svar p\u00e5 varf\u00f6r man ska lyssna p\u00e5 podden \u00e4r sj\u00e4lvklart:<\/p>\n<p class=\"normal\">\u2013 S\u00e4tt p\u00e5 v\u00e5r podd och stick h\u00e5ll p\u00e5 f\u00f6rdomar!<\/p>\n","protected":false},"excerpt":{"rendered":"Personerna bakom Funkar f\u00f6r oss \u00e4r Ronnie Larsson, Sanna Sahl och Bj\u00f6rn Larsson p\u00e5 Redaktionens dagliga verksamhet och&hellip;\n","protected":false},"author":2,"featured_media":150064,"comment_status":"","ping_status":"","sticky":false,"template":"","format":"standard","meta":{"footnotes":""},"categories":[69],"tags":[113,112,34,31,33,32,30],"class_list":{"0":"post-150063","1":"post","2":"type-post","3":"status-publish","4":"format-standard","5":"has-post-thumbnail","7":"category-halsa","8":"tag-halsa","9":"tag-health","10":"tag-se","11":"tag-svenska","12":"tag-sverige","13":"tag-sweden","14":"tag-swedish"},"share_on_mastodon":{"url":"https:\/\/pubeurope.com\/@se\/115978052879054488","error":""},"_links":{"self":[{"href":"https:\/\/www.europesays.com\/se\/wp-json\/wp\/v2\/posts\/150063","targetHints":{"allow":["GET"]}}],"collection":[{"href":"https:\/\/www.europesays.com\/se\/wp-json\/wp\/v2\/posts"}],"about":[{"href":"https:\/\/www.europesays.com\/se\/wp-json\/wp\/v2\/types\/post"}],"author":[{"embeddable":true,"href":"https:\/\/www.europesays.com\/se\/wp-json\/wp\/v2\/users\/2"}],"replies":[{"embeddable":true,"href":"https:\/\/www.europesays.com\/se\/wp-json\/wp\/v2\/comments?post=150063"}],"version-history":[{"count":0,"href":"https:\/\/www.europesays.com\/se\/wp-json\/wp\/v2\/posts\/150063\/revisions"}],"wp:featuredmedia":[{"embeddable":true,"href":"https:\/\/www.europesays.com\/se\/wp-json\/wp\/v2\/media\/150064"}],"wp:attachment":[{"href":"https:\/\/www.europesays.com\/se\/wp-json\/wp\/v2\/media?parent=150063"}],"wp:term":[{"taxonomy":"category","embeddable":true,"href":"https:\/\/www.europesays.com\/se\/wp-json\/wp\/v2\/categories?post=150063"},{"taxonomy":"post_tag","embeddable":true,"href":"https:\/\/www.europesays.com\/se\/wp-json\/wp\/v2\/tags?post=150063"}],"curies":[{"name":"wp","href":"https:\/\/api.w.org\/{rel}","templated":true}]}}