{"id":150075,"date":"2026-01-29T11:10:10","date_gmt":"2026-01-29T11:10:10","guid":{"rendered":"https:\/\/www.europesays.com\/se\/150075\/"},"modified":"2026-01-29T11:10:10","modified_gmt":"2026-01-29T11:10:10","slug":"skandinavisk-undersokning-olika-uppfattningar-om-hinder-for-hemdialys-patienter-ser-kostnader-varden-ser-oro","status":"publish","type":"post","link":"https:\/\/www.europesays.com\/se\/150075\/","title":{"rendered":"Skandinavisk unders\u00f6kning: Olika uppfattningar om hinder f\u00f6r hemdialys &#8211;\u00a0patienter ser kostnader \u2013 v\u00e5rden ser oro"},"content":{"rendered":"<p>&#13;<br \/>\n                        &#13;<br \/>\n&#13;<\/p>\n<p>                                    <img decoding=\"async\" src=\"https:\/\/www.europesays.com\/se\/wp-content\/uploads\/2026\/01\/97eebd3a8e3db2eb_400x400ar.jpeg\"\/><br \/>\n                                &#13;<br \/>\n&#13;<\/p>\n<p><strong>Ett otydligt ers\u00e4ttningssystem f\u00f6r hemdialys och en sjukv\u00e5rd d\u00e4r ekonomin styr \u00e4r enligt patienterna bidragande orsaker till att fler inte f\u00e5r hemdialys.<\/strong><\/p>\n<p><strong>Sjukv\u00e5rdsprofessionen \u00e5 sin sida menar att tekniken kan uppfattas som f\u00f6r komplicerad och att patienterna k\u00e4nner en r\u00e4dsla och oro f\u00f6r att ha behandlingen hemma, vilket inte patienterna svarar i motsvarande utstr\u00e4ckning.<\/strong><\/p>\n<p>&#13;<\/p>\n<p style=\"margin-top:12px;\">Det visar prelimin\u00e4ra data fr\u00e5n den skandinaviska enk\u00e4ten Home Dialysis \u2013 An Innovative Process f\u00f6r Improved Renel Care.<\/p>\n<p>-Det skiljer sig inte mycket mellan Sverige, Norge och Danmark i svaren, men det vi ser i alla l\u00e4nderna \u00e4r skillnader mellan hur patienter och sjukv\u00e5rdspersonalen uppfattar hemdialys och varf\u00f6r tillg\u00e5ngen till hemdialys har stagnerat under de senaste 30 \u00e5ren, s\u00e4ger H\u00e5kan Billig, projektledare f\u00f6r \u201dMer <a href=\"https:\/\/www.hemdialys.com\/#menu__main\" style=\" text-decoration:underline;\" rel=\"nofollow noopener\" target=\"_blank\">hemdialys<\/a> f\u00f6r b\u00e4ttre h\u00e4lsa, livskvalitet och kostnadskontroll\u201d som har som m\u00e5l att \u00f6ka antalet hemdialyser i Sverige, Danmark och Norge. <\/p>\n<p><strong>Var fj\u00e4rde har hemdialys<\/strong><\/p>\n<p>Dialys \u00e4r en livsuppeh\u00e5llande behandling vid njursvikt och utf\u00f6rs idag oftast p\u00e5 sjukhus. Forskning visar dock att n\u00e4r dialys ist\u00e4llet utf\u00f6rs i hemmet f\u00f6rb\u00e4ttras b\u00e5de h\u00e4lsa, livskvalitet och ekonomi.<\/p>\n<p>I Sverige har cirka 4\u00a0000 personer dialys, I Danmark 2 500 personer och i Norge 2 000 personer. Andelen som har hemdialys \u00e4r ungef\u00e4r den samma i de tre l\u00e4nderna: en fj\u00e4rdedel.<\/p>\n<p>Mer hemdialys \u00e4r ett skandinaviskt projekt, finansierat av EU-Interreg \u00d6KS, som ska testa och utveckla produkter, tj\u00e4nster och modeller f\u00f6r att \u00f6ka hemdialysen i b\u00e5de Sverige, Danmark och Norge.<\/p>\n<p>Inom ramen f\u00f6r projektet har en enk\u00e4t genomf\u00f6rts i de tre l\u00e4nderna med totalt 269 medverkande (varav 185 var personal). I enk\u00e4ten kartl\u00e4ggs vilka faktorer som p\u00e5verkar patientens val av behandlingsmetod samt om det finns eventuella nationella skillnader i synen p\u00e5 hemdialys. <\/p>\n<p>Enk\u00e4tsvaren visar bland annat f\u00f6ljande:<\/p>\n<ul>\n<li style=\"margin-left: 8px;\">Bevarad sj\u00e4lvst\u00e4ndighet och m\u00f6jlighet att p\u00e5verka behandlingstiden \u00e4r den viktigaste faktorn f\u00f6r patienterna i alla tre l\u00e4nderna n\u00e4r det g\u00e4ller val av behandlingsform.<\/li>\n<li style=\"margin-left: 8px;\">Val av behandling kan p\u00e5verkas av att patienten inte vill leva i en sjukhusmilj\u00f6.<\/li>\n<li style=\"margin-left: 8px;\">Storleken p\u00e5 bostaden kan p\u00e5verka valet.<\/li>\n<li style=\"margin-left: 8px;\">Personalens kunskap om tekniken f\u00f6r hemdialys kan p\u00e5verka behandlingsvalet.<\/li>\n<li style=\"margin-left: 8px;\">Ekonomin i sjukv\u00e5rden styr satsningen p\u00e5 hemdialys.<\/li>\n<li style=\"margin-left: 8px;\">L\u00f6sningar som underl\u00e4ttar kommunikationen mellan anv\u00e4ndaren hemma och personalen p\u00e5 sjukhuset \u00e4r en f\u00f6ruts\u00e4ttning f\u00f6r att v\u00e4lja hemdialys. <\/li>\n<\/ul>\n<p>&#8211; Hemdialys \u00e4r en av f\u00e5 behandlingar d\u00e4r medicinska resultat, patienternas \u00f6nskem\u00e5l och ekonomiska realiteter faktiskt drar \u00e5t samma h\u00e5ll, s\u00e4ger H\u00e5kan Billig. Genom att arbeta personcentrerat och i enlighet med <a href=\"https:\/\/www.riksdagen.se\/sv\/dokument-och-lagar\/dokument\/svensk-forfattningssamling\/patientlag-2014821_sfs-2014-821\/\" style=\" text-decoration:underline;\" rel=\"nofollow noopener\" target=\"_blank\">patientlagen<\/a> st\u00e4rks patientens delaktighet vilket kan leda till att fler v\u00e4ljer hemdialys. <\/p>\n<p>Det finala resultatet av enk\u00e4ten presenteras l\u00e4ngre fram. <\/p>\n<p><strong>Fr\u00e5gor och mer information<\/strong><\/p>\n<p>H\u00e5kan Billig, projektledare f\u00f6r \u201dMer hemdialys f\u00f6r b\u00e4ttre h\u00e4lsa, livskvalitet och kostnadskontroll\u201d. hakan.billig@fysiologi.gu.se, 070 884 09 76<\/p>\n<p><strong>Om projektet<\/strong> <\/p>\n<p>Projektet \u00e4r finansierat av EU via plattformen Interreg \u00d6KS (\u00d6resund, Kattegatt, Skagerrak). <\/p>\n<p>En\u00a0central tanke \u00e4r att involvera anv\u00e4ndarna i alla steg av processen.\u00a0Det inneb\u00e4r att b\u00e5de\u00a0patienter som anv\u00e4nder hemdialys, deras n\u00e4rst\u00e5ende,\u00a0personal inom h\u00e4lso- och sjukv\u00e5rden,\u00a0tillverkare av utrustning\u00a0och forskare\u00a0\u00e4r delaktiga redan\u00a0fr\u00e5n\u00a0b\u00f6rjan av projektet. <\/p>\n<p>Detta \u00e4r\u00a0avg\u00f6rande f\u00f6r att identifiera och \u00f6vervinna hinder som tidigare begr\u00e4nsat anv\u00e4ndningen av hemdialys, enligt projektbeskrivningen.<\/p>\n<p>Det slutliga m\u00e5let \u00e4r att g\u00f6ra hemdialys till en mer tillg\u00e4nglig och vanlig behandlingsform, vilket kan revolutionera njursjukv\u00e5rden i hela\u00a0Skandinavien. <a href=\"https:\/\/www.hemdialys.com\/\" style=\" text-decoration:underline;\" rel=\"nofollow noopener\" target=\"_blank\">https:\/\/www.hemdialys.com\/<\/a><\/p>\n<p>&#13;<br \/>\n&#13;<br \/>\n&#13;<br \/>\n&#13;<\/p>\n","protected":false},"excerpt":{"rendered":"&#13; &#13; &#13; &#13; &#13; Ett otydligt ers\u00e4ttningssystem f\u00f6r hemdialys och en sjukv\u00e5rd d\u00e4r ekonomin styr \u00e4r enligt&hellip;\n","protected":false},"author":2,"featured_media":150076,"comment_status":"","ping_status":"","sticky":false,"template":"","format":"standard","meta":{"footnotes":""},"categories":[69],"tags":[113,112,34,31,33,32,30],"class_list":{"0":"post-150075","1":"post","2":"type-post","3":"status-publish","4":"format-standard","5":"has-post-thumbnail","7":"category-halsa","8":"tag-halsa","9":"tag-health","10":"tag-se","11":"tag-svenska","12":"tag-sverige","13":"tag-sweden","14":"tag-swedish"},"share_on_mastodon":{"url":"https:\/\/pubeurope.com\/@se\/115978084504258636","error":""},"_links":{"self":[{"href":"https:\/\/www.europesays.com\/se\/wp-json\/wp\/v2\/posts\/150075","targetHints":{"allow":["GET"]}}],"collection":[{"href":"https:\/\/www.europesays.com\/se\/wp-json\/wp\/v2\/posts"}],"about":[{"href":"https:\/\/www.europesays.com\/se\/wp-json\/wp\/v2\/types\/post"}],"author":[{"embeddable":true,"href":"https:\/\/www.europesays.com\/se\/wp-json\/wp\/v2\/users\/2"}],"replies":[{"embeddable":true,"href":"https:\/\/www.europesays.com\/se\/wp-json\/wp\/v2\/comments?post=150075"}],"version-history":[{"count":0,"href":"https:\/\/www.europesays.com\/se\/wp-json\/wp\/v2\/posts\/150075\/revisions"}],"wp:featuredmedia":[{"embeddable":true,"href":"https:\/\/www.europesays.com\/se\/wp-json\/wp\/v2\/media\/150076"}],"wp:attachment":[{"href":"https:\/\/www.europesays.com\/se\/wp-json\/wp\/v2\/media?parent=150075"}],"wp:term":[{"taxonomy":"category","embeddable":true,"href":"https:\/\/www.europesays.com\/se\/wp-json\/wp\/v2\/categories?post=150075"},{"taxonomy":"post_tag","embeddable":true,"href":"https:\/\/www.europesays.com\/se\/wp-json\/wp\/v2\/tags?post=150075"}],"curies":[{"name":"wp","href":"https:\/\/api.w.org\/{rel}","templated":true}]}}