{"id":150137,"date":"2026-01-29T11:59:13","date_gmt":"2026-01-29T11:59:13","guid":{"rendered":"https:\/\/www.europesays.com\/se\/150137\/"},"modified":"2026-01-29T11:59:13","modified_gmt":"2026-01-29T11:59:13","slug":"sa-ska-parkinson-upptackas-tidigt-med-blodprov-2","status":"publish","type":"post","link":"https:\/\/www.europesays.com\/se\/150137\/","title":{"rendered":"S\u00e5 ska parkinson uppt\u00e4ckas tidigt med blodprov"},"content":{"rendered":"<p>share-arrowDela<\/p>\n<p>unsaveSpara<\/p>\n<p>chevron-leftf\u00f6reg\u00e5ende<\/p>\n<ul class=\"carousel-container-viewport\" style=\"transform:translate3d(0%, 0, 0)\">\n<li class=\"carousel-slide\" style=\"z-index:1;filter:none(1);padding-bottom:63.63157%\"><img decoding=\"async\" class=\"image-asset hyperion-css-u06ts1\" data-test-tag=\"image-asset\" src=\"https:\/\/www.europesays.com\/se\/wp-content\/uploads\/2026\/01\/b017a381-c34c-40a1-bccb-8a69fc065dc1.jpeg\"  alt=\"\"  fetchpriority=\"auto\" style=\"aspect-ratio:1900 \/ 1209\"\/><\/li>\n<li class=\"carousel-slide\" style=\"filter:none(0.3);padding-bottom:63.63157%\"><img decoding=\"async\" class=\"image-asset hyperion-css-u06ts1\" data-test-tag=\"image-asset\" src=\"https:\/\/www.europesays.com\/se\/wp-content\/uploads\/2026\/01\/12218de5-7578-4841-ab6f-06e18f1f53bd.jpeg\"  alt=\"\"  fetchpriority=\"auto\" style=\"aspect-ratio:1900 \/ 1401\"\/><\/li>\n<\/ul>\n<p>expand-left<\/p>\n<p>helsk\u00e4rmchevron-rightn\u00e4staEn grupp forskare fr\u00e5n Chalmers och Oslo universitetssjukhus har kommit fram till ett s\u00e4tt att uppt\u00e4cka Parkinsons sjukdom tidigt med hj\u00e4lp av ett blodprov. Arkivbild.<\/p>\n<p>1 \/ 2Foto: Johan Nilsson\/TT<\/p>\n<p class=\"hyperion-css-1shl3oz\" data-test-tag=\"lead-text\">Parkinsons sjukdom skulle inom en snar framtid kunna uppt\u00e4ckas betydligt tidigare \u2013 med ett enkelt blodprov.<\/p>\n<p class=\"hyperion-css-1shl3oz\" data-test-tag=\"lead-text\">Forskarna hoppas p\u00e5 tidigare behandling, och en allm\u00e4n screening skulle kunna vara verklighet inom bara n\u00e5gra \u00e5r.<\/p>\n<p class=\"hyperion-css-1v9qo5x\">Det finns inget botemedel mot parkinson, och n\u00e4r den kroniska sjukdomen uppt\u00e4cks har den ofta redan orsakat betydande skador.<\/p>\n<p class=\"hyperion-css-1v9qo5x\">\u2013 Parkinson diagnosticeras ofta f\u00f6rst n\u00e4r man redan f\u00e5tt problem med r\u00f6rligheten, skakningar eller inte kan \u00e4ta ordentligt l\u00e4ngre. Tidigare studier visar att d\u00e5 \u00e4r minst h\u00e4lften, ofta mer, av alla relevanta hj\u00e4rnceller redan d\u00f6da, s\u00e4ger Annikka Polster, bitr\u00e4dande universitetslektor vid Chalmers.<\/p>\n<p class=\"hyperion-css-1v9qo5x\">Hon har lett studien, som publicerats i tidskriften NPJ Parkinson&#8217;s Disease, d\u00e4r forskarna tittat p\u00e5 tv\u00e5 typer av genprocesser: kroppens dna-reparation och cellernas stressrespons. Med hj\u00e4lp av maskininl\u00e4rning uppt\u00e4ckte forskarna ett m\u00f6nster.<\/p>\n<p class=\"hyperion-css-1v9qo5x\">\u2013 Bland friska personer och personer med fullt utvecklad parkinson syntes ingen skillnad i hur aktiva de h\u00e4r generna var. Men hos dem med tidig parkinson var generna mycket mer aktiva, s\u00e4ger Annikka Polster.<\/p>\n<p>\u201dNya m\u00f6jligheter\u201d<\/p>\n<p class=\"hyperion-css-1v9qo5x\">Det inneb\u00e4r att forskarna skulle kunna uppt\u00e4cka parkinson hos personer som \u00e4nnu inte f\u00e5tt n\u00e5gra motoriska symptom \u2013 den tidiga fasen kan p\u00e5g\u00e5 i uppemot 20 \u00e5r. F\u00f6rhoppningsvis kan det i f\u00f6rl\u00e4ngningen leda till att nya behandlingar eller f\u00f6rebyggande mediciner.<\/p>\n<p class=\"hyperion-css-1v9qo5x\">\u2013 Kan behandlingar som redan finns vara gynnsamma i det stadiet? Kan det f\u00f6rhindra f\u00f6rs\u00e4mring? Det \u00f6ppnar m\u00e5nga nya m\u00f6jligheter f\u00f6r hur vi kan adressera den h\u00e4r sjukdomen i vad som f\u00f6rhoppningsvis \u00e4r ett tidsf\u00f6nster n\u00e4r vi fortfarande kan r\u00e4dda m\u00e5nga celler, s\u00e4ger Annikka Polster.<\/p>\n<p class=\"hyperion-css-1v9qo5x\">\u2013 N\u00e4r vi pratar om precisionsmedicin pratar vi om att ge r\u00e4tt behandling till r\u00e4tt patient. Men vi m\u00e5ste ocks\u00e5 ge den vid r\u00e4tt tidpunkt \u2013 och det \u00e4r vad v\u00e5r studie tillf\u00f6r.<\/p>\n<p>Screening med blodprov<\/p>\n<p class=\"hyperion-css-1v9qo5x\">Att det g\u00e5r att uppt\u00e4cka i ett enkelt blodprov \u00f6ppnar f\u00f6r breda screeningtest, n\u00e5got som enligt forskarna i teorin skulle kunna implementeras i sjukv\u00e5rden redan om fem \u00e5r.<\/p>\n<p class=\"hyperion-css-1v9qo5x\">\u2013 Det beror s\u00e5klart p\u00e5 finansiering av forskningen. Men i teorin \u00e4r det inte sv\u00e5rt att screena f\u00f6r det h\u00e4r, om tillr\u00e4ckligt med resurser tillf\u00f6rs.<\/p>\n<p class=\"hyperion-css-1v9qo5x\">Den l\u00e5ngsiktiga dr\u00f6mmen, s\u00e4ger Annikka Polster, \u00e4r s\u00e5klart att forskningen p\u00e5 sikt ska kunna leda till att ett botemedel mot parkinson utvecklas.<\/p>\n<p class=\"hyperion-css-1v9qo5x\">\u2013 Men det \u00e4r fortfarande l\u00e5ngt borta, s\u00e4ger hon.<\/p>\n<p>FAKTAParkinsons sjukdom<\/p>\n<p class=\"hyperion-css-jonaf8\">Parkinsons sjukdom \u00e4r en nervsjukdom som g\u00f6r att hj\u00e4rnan f\u00e5r sv\u00e5rt att kontrollera nervsignalerna som styr kroppens r\u00f6relser. Det sker n\u00e4r cellerna som tillverkar dopamin, en signalsubstans som hj\u00e4rnan anv\u00e4nder f\u00f6r att skicka signaler mellan hj\u00e4rncellerna, f\u00f6rst\u00f6rs.<\/p>\n<p class=\"hyperion-css-jonaf8\">Typiska symptom \u00e4r skakningar, stela muskler och s\u00e4mre r\u00f6relsef\u00f6rm\u00e5ga. De allra f\u00f6rsta tecknen p\u00e5 parkinson kan m\u00e4rkas m\u00e5nga \u00e5r innan de motoriska symptomen och kan blanda nnat handla om f\u00f6rs\u00e4mrat lujktsinne, f\u00f6rstoppning, depression och REM-s\u00f6mnst\u00f6rning.<\/p>\n<p class=\"hyperion-css-jonaf8\">Den \u00e4r vanligast hos personer \u00f6ver 65 \u00e5r, men kan m\u00e4rkas tidigare. I Sverige finns drygt 22\u00a0000 personer som har sjukdomen.<\/p>\n<p class=\"hyperion-css-jonaf8\">Det finns i dag inget botemedel, men det finns effektiv behandling som hj\u00e4lper symptomen.<\/p>\n<p class=\"hyperion-css-jonaf8\">K\u00e4lla: 1177, Parkinsonf\u00f6rbundet<\/p>\n<p>L\u00e4s mer<\/p>\n","protected":false},"excerpt":{"rendered":"share-arrowDela unsaveSpara chevron-leftf\u00f6reg\u00e5ende expand-left helsk\u00e4rmchevron-rightn\u00e4staEn grupp forskare fr\u00e5n Chalmers och Oslo universitetssjukhus har kommit fram till ett s\u00e4tt&hellip;\n","protected":false},"author":2,"featured_media":150138,"comment_status":"","ping_status":"","sticky":false,"template":"","format":"standard","meta":{"footnotes":""},"categories":[69],"tags":[113,112,34,31,33,32,30],"class_list":{"0":"post-150137","1":"post","2":"type-post","3":"status-publish","4":"format-standard","5":"has-post-thumbnail","7":"category-halsa","8":"tag-halsa","9":"tag-health","10":"tag-se","11":"tag-svenska","12":"tag-sverige","13":"tag-sweden","14":"tag-swedish"},"share_on_mastodon":{"url":"https:\/\/pubeurope.com\/@se\/115978276912314834","error":""},"_links":{"self":[{"href":"https:\/\/www.europesays.com\/se\/wp-json\/wp\/v2\/posts\/150137","targetHints":{"allow":["GET"]}}],"collection":[{"href":"https:\/\/www.europesays.com\/se\/wp-json\/wp\/v2\/posts"}],"about":[{"href":"https:\/\/www.europesays.com\/se\/wp-json\/wp\/v2\/types\/post"}],"author":[{"embeddable":true,"href":"https:\/\/www.europesays.com\/se\/wp-json\/wp\/v2\/users\/2"}],"replies":[{"embeddable":true,"href":"https:\/\/www.europesays.com\/se\/wp-json\/wp\/v2\/comments?post=150137"}],"version-history":[{"count":0,"href":"https:\/\/www.europesays.com\/se\/wp-json\/wp\/v2\/posts\/150137\/revisions"}],"wp:featuredmedia":[{"embeddable":true,"href":"https:\/\/www.europesays.com\/se\/wp-json\/wp\/v2\/media\/150138"}],"wp:attachment":[{"href":"https:\/\/www.europesays.com\/se\/wp-json\/wp\/v2\/media?parent=150137"}],"wp:term":[{"taxonomy":"category","embeddable":true,"href":"https:\/\/www.europesays.com\/se\/wp-json\/wp\/v2\/categories?post=150137"},{"taxonomy":"post_tag","embeddable":true,"href":"https:\/\/www.europesays.com\/se\/wp-json\/wp\/v2\/tags?post=150137"}],"curies":[{"name":"wp","href":"https:\/\/api.w.org\/{rel}","templated":true}]}}