{"id":150154,"date":"2026-01-29T12:14:27","date_gmt":"2026-01-29T12:14:27","guid":{"rendered":"https:\/\/www.europesays.com\/se\/150154\/"},"modified":"2026-01-29T12:14:27","modified_gmt":"2026-01-29T12:14:27","slug":"fbi-rad-i-georgia-valsedlar-beslagtagna","status":"publish","type":"post","link":"https:\/\/www.europesays.com\/se\/150154\/","title":{"rendered":"FBI-r\u00e4d i Georgia \u2013 valsedlar beslagtagna"},"content":{"rendered":"<p>USA:s president Donald Trump har sv\u00e5rt att f\u00f6rlikas med att han f\u00f6rlorade valet 2020.<\/p>\n<p>Federal polis har nu gjort en husrannsakan mot ett lager i Georgia d\u00e4r valsedlar, valmaskiner och vall\u00e4ngder f\u00f6rvarades.\u00a0<\/p>\n<p><img   alt=\"\"\/><\/p>\n<p>Tulsi Gabbard, underr\u00e4ttelsechef, p\u00e5 plats vid FBI-r\u00e4den i Georgia.<\/p>\n<p>Foto: ERIK S. LESSER \/ EPA<\/p>\n<p>\u00d6ppna bild i helsk\u00e4rm<img loading=\"lazy\"   alt=\"\"\/><\/p>\n<p>President Trump.<\/p>\n<p>Foto: JOSE LUIS MAGANA  \/AP\/TT \/ AP TT NYHETSBYR\u00c5N<\/p>\n<p>\u00d6ppna bild i helsk\u00e4rm<img loading=\"lazy\"   alt=\"\"\/><\/p>\n<p>Beslag av valsedlar gjordes.<\/p>\n<p>Foto: ERIK S. LESSER \/ EPA<\/p>\n<p>\u00d6ppna bild i helsk\u00e4rm<img loading=\"lazy\"   alt=\"\"\/> <\/p>\n<p>Foto: ERIK S. LESSER \/ EPA<\/p>\n<p>\u00d6ppna bild i helsk\u00e4rm<\/p>\n<p>Beslutet om husrannsakan fattades av en federal domare i Atlanta. Det skedde mindre \u00e4n en vecka efter att Trump i ett tal i schweiziska Davos \u00e5terupprepat sina falska p\u00e5st\u00e5enden om valfusk 2020 och h\u00e4vdat att r\u00e4ttsliga \u00e5tg\u00e4rder skulle vidtas inom kort.\u00a0<\/p>\n<p>Trump f\u00f6rlorade 2020 <a href=\"https:\/\/www.expressen.se\/tagg\/location\/georgia\/\" class=\"\" rel=\"nofollow noopener\" target=\"_blank\">Georgia<\/a> till Joe Biden med mycket liten marginal.\u00a0<\/p>\n<p>Vid FBI-insatsen mot lagerlokalen n\u00e4rvarade Trumps underr\u00e4ttelsechef Tulsi Gabbard, noterar <a href=\"https:\/\/www.washingtonpost.com\/national-security\/2026\/01\/28\/fbi-fulton-2020-election-fraud\/\" rel=\"nofollow noopener\" target=\"_blank\">The Washington Post<\/a>.\u00a0<\/p>\n<p>I <a href=\"https:\/\/www.washingtonpost.com\/documents\/e815ed47-fce4-4797-8dc7-bcbc9efa968d.pdf?itid=lk_inline_manual_5\" rel=\"nofollow noopener\" target=\"_blank\">domarbeslutet<\/a> heter det att husrannsakan \u00e4r del av en brottsutredning r\u00f6rande misst\u00e4nkt \u00f6vertr\u00e4delse av tv\u00e5 federala lagar.\u00a0<\/p>\n","protected":false},"excerpt":{"rendered":"USA:s president Donald Trump har sv\u00e5rt att f\u00f6rlikas med att han f\u00f6rlorade valet 2020. Federal polis har nu&hellip;\n","protected":false},"author":2,"featured_media":150155,"comment_status":"","ping_status":"","sticky":false,"template":"","format":"standard","meta":{"footnotes":""},"categories":[5],"tags":[22,23,26,27,17,21,24,25,7535,45,28,29,15,12544,16,198,13478,18,34,55,31,33,32,30,19,204,20],"class_list":{"0":"post-150154","1":"post","2":"type-post","3":"status-publish","4":"format-standard","5":"has-post-thumbnail","7":"category-rubriker","8":"tag-breaking-news","9":"tag-breakingnews","10":"tag-featured-news","11":"tag-featurednews","12":"tag-headlines","13":"tag-huvudnyheter","14":"tag-latest-news","15":"tag-latestnews","16":"tag-location-georgia","17":"tag-location-usa","18":"tag-main-news","19":"tag-mainnews","20":"tag-news","21":"tag-newsstory-trump-administrationen","22":"tag-nyheter","23":"tag-person-donald-trump","24":"tag-person-tulsi-gabbard","25":"tag-rubriker","26":"tag-se","27":"tag-sections-varlden","28":"tag-svenska","29":"tag-sverige","30":"tag-sweden","31":"tag-swedish","32":"tag-top-stories","33":"tag-topic-amerikansk-politik","34":"tag-topstories"},"share_on_mastodon":{"url":"https:\/\/pubeurope.com\/@se\/115978335907759476","error":""},"_links":{"self":[{"href":"https:\/\/www.europesays.com\/se\/wp-json\/wp\/v2\/posts\/150154","targetHints":{"allow":["GET"]}}],"collection":[{"href":"https:\/\/www.europesays.com\/se\/wp-json\/wp\/v2\/posts"}],"about":[{"href":"https:\/\/www.europesays.com\/se\/wp-json\/wp\/v2\/types\/post"}],"author":[{"embeddable":true,"href":"https:\/\/www.europesays.com\/se\/wp-json\/wp\/v2\/users\/2"}],"replies":[{"embeddable":true,"href":"https:\/\/www.europesays.com\/se\/wp-json\/wp\/v2\/comments?post=150154"}],"version-history":[{"count":0,"href":"https:\/\/www.europesays.com\/se\/wp-json\/wp\/v2\/posts\/150154\/revisions"}],"wp:featuredmedia":[{"embeddable":true,"href":"https:\/\/www.europesays.com\/se\/wp-json\/wp\/v2\/media\/150155"}],"wp:attachment":[{"href":"https:\/\/www.europesays.com\/se\/wp-json\/wp\/v2\/media?parent=150154"}],"wp:term":[{"taxonomy":"category","embeddable":true,"href":"https:\/\/www.europesays.com\/se\/wp-json\/wp\/v2\/categories?post=150154"},{"taxonomy":"post_tag","embeddable":true,"href":"https:\/\/www.europesays.com\/se\/wp-json\/wp\/v2\/tags?post=150154"}],"curies":[{"name":"wp","href":"https:\/\/api.w.org\/{rel}","templated":true}]}}