{"id":150432,"date":"2026-01-29T18:39:33","date_gmt":"2026-01-29T18:39:33","guid":{"rendered":"https:\/\/www.europesays.com\/se\/150432\/"},"modified":"2026-01-29T18:39:33","modified_gmt":"2026-01-29T18:39:33","slug":"ted-lasso-sasong-4-far-premiar-i-sommar-se-forsta-bilderna","status":"publish","type":"post","link":"https:\/\/www.europesays.com\/se\/150432\/","title":{"rendered":"\u201cTed Lasso\u201d s\u00e4song 4 f\u00e5r premi\u00e4r i sommar \u2013 se f\u00f6rsta bilderna"},"content":{"rendered":"<p>Apple TV bekr\u00e4ftar nu att den <a href=\"https:\/\/www.moviezine.se\/nyheter\/skadespelare-ersatts-i-ted-lasso-sasong-4\" rel=\"nofollow noopener\" target=\"_blank\">fj\u00e4rde s\u00e4songen<\/a> av \u201c<a href=\"https:\/\/www.moviezine.se\/recensioner\/sudeikis-glanser-i-arets-mest-hjartevarmande-feelgood-serie\" rel=\"nofollow noopener\" target=\"_blank\">Ted Lasso<\/a>\u201d f\u00e5r global premi\u00e4r i sommar, rapporterar <a href=\"https:\/\/variety.com\/2026\/tv\/global\/ted-lasso-season-4-sets-summer-release-1236643017\/\" rel=\"nofollow noopener\" target=\"_blank\">Variety<\/a>. N\u00e5got mer exakt premi\u00e4rdatum har streamingtj\u00e4nsten \u00e4nnu inte avsl\u00f6jat. Den tredje s\u00e4songen av \u201dTed Lasso\u201d hade premi\u00e4r 2023. <\/p>\n<p>I s\u00e4song 4 \u00e5terv\u00e4nder Jason Sudeikis i rollen som Ted Lasso, som g\u00f6r comeback i Richmond inf\u00f6r sin hittills st\u00f6rsta utmaning: <strong>att tr\u00e4na<\/strong> <strong>ett kvinnligt fotbollslag i andradivisionen<\/strong>.<\/p>\n<p>Flera v\u00e4lk\u00e4nda ansikten g\u00f6r ocks\u00e5 comeback, d\u00e4ribland Hannah Waddingham, Juno Temple, Brett Goldstein och Brendan Hunt. Samtidigt ansluter ocks\u00e5 flera nya namn till ensemblen.<\/p>\n<p>Apple TV har \u00e4ven sl\u00e4ppt de f\u00f6rsta bilderna fr\u00e5n den kommande s\u00e4songen, som du kan se nedan.<\/p>\n<p><img loading=\"lazy\" height=\"432\" width=\"648\" class=\"wp-image-712503 sp-no-webp perfmatters-lazy\" alt=\"\" decoding=\"async\" src=\"https:\/\/www.europesays.com\/se\/wp-content\/uploads\/2026\/01\/Ted-Lasso-S4-3-648x432.jpg\"  data-\/> <\/p>\n<p><img loading=\"lazy\" height=\"365\" width=\"648\" class=\"wp-image-712504 sp-no-webp perfmatters-lazy\" alt=\"\" decoding=\"async\" src=\"https:\/\/www.europesays.com\/se\/wp-content\/uploads\/2026\/01\/Ted-Lasso-S4-2-648x365.jpg\"  data-\/> <\/p>\n<p><img loading=\"lazy\" height=\"432\" width=\"648\" class=\"wp-image-712505 sp-no-webp perfmatters-lazy\" alt=\"\" decoding=\"async\" src=\"https:\/\/www.europesays.com\/se\/wp-content\/uploads\/2026\/01\/Ted-Lasso-S4-4-648x432.jpg\"  data-\/> <\/p>\n<p>L\u00e4s ocks\u00e5: <a href=\"https:\/\/www.moviezine.se\/nyheter\/den-basta-hbo-serien-som-alla-verkar-ha-missat-ar-antligen-tillbaka\" title=\"Den b\u00e4sta HBO-serien som alla tyv\u00e4rr verkar ha missat \u2013 \u00e4r \u00e4ntligen tillbaka!\" class=\"underline-custom !font-montserrat !font-bold !underline-offset-4 !decoration-4 !decoration-moviezine-green !text-md\" rel=\"nofollow noopener\" target=\"_blank\">Den b\u00e4sta HBO-serien som alla tyv\u00e4rr verkar ha missat \u2013 \u00e4r \u00e4ntligen tillbaka!<\/a><\/p>\n<p>L\u00e4s ocks\u00e5: <a href=\"https:\/\/www.moviezine.se\/nyheter\/halle-berry-blir-usas-president-i-thriller-skriven-av-bill-clinton\" title=\"Halle Berry blir USA:s president \u2013 i thriller skriven av Bill Clinton\" class=\"underline-custom !font-montserrat !font-bold !underline-offset-4 !decoration-4 !decoration-moviezine-green !text-md\" rel=\"nofollow noopener\" target=\"_blank\">Halle Berry blir USA:s president \u2013 i thriller skriven av Bill Clinton<\/a><\/p>\n","protected":false},"excerpt":{"rendered":"Apple TV bekr\u00e4ftar nu att den fj\u00e4rde s\u00e4songen av \u201cTed Lasso\u201d f\u00e5r global premi\u00e4r i sommar, rapporterar Variety.&hellip;\n","protected":false},"author":2,"featured_media":150433,"comment_status":"","ping_status":"","sticky":false,"template":"","format":"standard","meta":{"footnotes":"","_share_on_mastodon":"0"},"categories":[66],"tags":[2570,3242,80,78,79,34,31,33,32,30,81,84,83,82],"class_list":["post-150432","post","type-post","status-publish","format-standard","has-post-thumbnail","category-vetenskap-och-teknik","tag-apple-tv-plus","tag-kommande-serier","tag-science","tag-science-and-technology","tag-scienceandtechnology","tag-se","tag-svenska","tag-sverige","tag-sweden","tag-swedish","tag-technology","tag-teknik","tag-vetenskap","tag-vetenskapteknik"],"share_on_mastodon":{"url":"https:\/\/pubeurope.com\/@se\/115979849751925922","error":""},"_links":{"self":[{"href":"https:\/\/www.europesays.com\/se\/wp-json\/wp\/v2\/posts\/150432","targetHints":{"allow":["GET"]}}],"collection":[{"href":"https:\/\/www.europesays.com\/se\/wp-json\/wp\/v2\/posts"}],"about":[{"href":"https:\/\/www.europesays.com\/se\/wp-json\/wp\/v2\/types\/post"}],"author":[{"embeddable":true,"href":"https:\/\/www.europesays.com\/se\/wp-json\/wp\/v2\/users\/2"}],"replies":[{"embeddable":true,"href":"https:\/\/www.europesays.com\/se\/wp-json\/wp\/v2\/comments?post=150432"}],"version-history":[{"count":0,"href":"https:\/\/www.europesays.com\/se\/wp-json\/wp\/v2\/posts\/150432\/revisions"}],"wp:featuredmedia":[{"embeddable":true,"href":"https:\/\/www.europesays.com\/se\/wp-json\/wp\/v2\/media\/150433"}],"wp:attachment":[{"href":"https:\/\/www.europesays.com\/se\/wp-json\/wp\/v2\/media?parent=150432"}],"wp:term":[{"taxonomy":"category","embeddable":true,"href":"https:\/\/www.europesays.com\/se\/wp-json\/wp\/v2\/categories?post=150432"},{"taxonomy":"post_tag","embeddable":true,"href":"https:\/\/www.europesays.com\/se\/wp-json\/wp\/v2\/tags?post=150432"}],"curies":[{"name":"wp","href":"https:\/\/api.w.org\/{rel}","templated":true}]}}