{"id":150467,"date":"2026-01-29T19:26:09","date_gmt":"2026-01-29T19:26:09","guid":{"rendered":"https:\/\/www.europesays.com\/se\/150467\/"},"modified":"2026-01-29T19:26:09","modified_gmt":"2026-01-29T19:26:09","slug":"smarta-i-tonaren-kopplas-till-okad-risk-for-sjalvskada","status":"publish","type":"post","link":"https:\/\/www.europesays.com\/se\/150467\/","title":{"rendered":"Sm\u00e4rta i ton\u00e5ren kopplas till \u00f6kad risk f\u00f6r sj\u00e4lvskada"},"content":{"rendered":"<p>Bild:<\/p>\n<p> <img decoding=\"async\" src=\"https:\/\/www.europesays.com\/se\/wp-content\/uploads\/2026\/01\/JennyRickardsson_custom20260129151432.jpg\" alt=\"portr\u00e4ttbild\"\/><\/p>\n<p>Rubrik:<\/p>\n<p> Jenny Rickardsson<br \/>\nFoto: N\/A<\/p>\n<p>\u2013 Vi ser att b\u00e5de genetik och individuella milj\u00f6faktorer spelar roll f\u00f6r s\u00e5v\u00e4l sm\u00e4rta som sj\u00e4lvskada i b\u00e5de barndom och ungdom, s\u00e4ger <a href=\"https:\/\/ki.se\/personer\/jenny-rickardsson\" data-entity-type=\"external\" rel=\"nofollow noopener\" target=\"_blank\">Jenny Rickardsson<\/a>, forskare vid<a href=\"https:\/\/ki.se\/cns\" data-entity-type=\"external\" rel=\"nofollow noopener\" target=\"_blank\"> Institutionen f\u00f6r klinisk neurovetenskap <\/a>vid Karolinska Institutet.<\/p>\n<p>Resultaten visar ocks\u00e5 att sm\u00e4rta innan och upp till 18 \u00e5rs \u00e5lder var kopplad till en h\u00f6gre sannolikhet att senare skada sig sj\u00e4lv. Ungdomar med sm\u00e4rtsymtom hade omkring 60 procent h\u00f6gre risk f\u00f6r sj\u00e4lvskada \u00e4n j\u00e4mn\u00e5riga utan sm\u00e4rta. Sambandet kunde inte f\u00f6rklaras av faktorer som familjemilj\u00f6 eller genetisk likhet mellan tvillingar.<\/p>\n<p>\u2013 V\u00e5ra analyser tyder p\u00e5 att sm\u00e4rta delvis kan ligga i den orsakskedja som leder till sj\u00e4lvskadebeteende, och att sambandet inte enbart beror p\u00e5 familj\u00e4ra faktorer, s\u00e4ger Jenny Rickardsson.<\/p>\n<p>Studien visar att den delade familjemilj\u00f6n hade liten betydelse f\u00f6r b\u00e5de sm\u00e4rta och sj\u00e4lvskada, medan genetiska faktorer och individuella erfarenheter stod f\u00f6r st\u00f6rre delar av variationen.<\/p>\n<p>Studien \u00e4r baserad p\u00e5 data fr\u00e5n det svenska tvillingregistret och har finansierats av Fonden f\u00f6r Psykisk H\u00e4lsa och Hj\u00e4rnfonden. Forskarna rapporterar inga intressekonflikter som p\u00e5verkat resultaten.<\/p>\n","protected":false},"excerpt":{"rendered":"Bild: Rubrik: Jenny Rickardsson Foto: N\/A \u2013 Vi ser att b\u00e5de genetik och individuella milj\u00f6faktorer spelar roll f\u00f6r&hellip;\n","protected":false},"author":2,"featured_media":150468,"comment_status":"","ping_status":"","sticky":false,"template":"","format":"standard","meta":{"footnotes":""},"categories":[69],"tags":[113,112,34,31,33,32,30],"class_list":{"0":"post-150467","1":"post","2":"type-post","3":"status-publish","4":"format-standard","5":"has-post-thumbnail","7":"category-halsa","8":"tag-halsa","9":"tag-health","10":"tag-se","11":"tag-svenska","12":"tag-sverige","13":"tag-sweden","14":"tag-swedish"},"share_on_mastodon":{"url":"https:\/\/pubeurope.com\/@se\/115980034658234068","error":""},"_links":{"self":[{"href":"https:\/\/www.europesays.com\/se\/wp-json\/wp\/v2\/posts\/150467","targetHints":{"allow":["GET"]}}],"collection":[{"href":"https:\/\/www.europesays.com\/se\/wp-json\/wp\/v2\/posts"}],"about":[{"href":"https:\/\/www.europesays.com\/se\/wp-json\/wp\/v2\/types\/post"}],"author":[{"embeddable":true,"href":"https:\/\/www.europesays.com\/se\/wp-json\/wp\/v2\/users\/2"}],"replies":[{"embeddable":true,"href":"https:\/\/www.europesays.com\/se\/wp-json\/wp\/v2\/comments?post=150467"}],"version-history":[{"count":0,"href":"https:\/\/www.europesays.com\/se\/wp-json\/wp\/v2\/posts\/150467\/revisions"}],"wp:featuredmedia":[{"embeddable":true,"href":"https:\/\/www.europesays.com\/se\/wp-json\/wp\/v2\/media\/150468"}],"wp:attachment":[{"href":"https:\/\/www.europesays.com\/se\/wp-json\/wp\/v2\/media?parent=150467"}],"wp:term":[{"taxonomy":"category","embeddable":true,"href":"https:\/\/www.europesays.com\/se\/wp-json\/wp\/v2\/categories?post=150467"},{"taxonomy":"post_tag","embeddable":true,"href":"https:\/\/www.europesays.com\/se\/wp-json\/wp\/v2\/tags?post=150467"}],"curies":[{"name":"wp","href":"https:\/\/api.w.org\/{rel}","templated":true}]}}