{"id":150483,"date":"2026-01-29T19:59:21","date_gmt":"2026-01-29T19:59:21","guid":{"rendered":"https:\/\/www.europesays.com\/se\/150483\/"},"modified":"2026-01-29T19:59:21","modified_gmt":"2026-01-29T19:59:21","slug":"skulle-salja-mobil-pa-facebook-marketplace-skots-ihjal","status":"publish","type":"post","link":"https:\/\/www.europesays.com\/se\/150483\/","title":{"rendered":"Skulle s\u00e4lja mobil p\u00e5 Facebook Marketplace \u2013 sk\u00f6ts ihj\u00e4l"},"content":{"rendered":"<p>Publicerad 29 jan 2026 kl 19.56Uppdaterad kl 20.09<\/p>\n<p>En vanlig f\u00f6rs\u00e4ljning p\u00e5 Marketplace slutade med r\u00e5n och mord.<\/p>\n<p>Men innan Ryan, 42, dog hann han skicka ett sista sms till sin familj.<\/p>\n<p><img   alt=\"\"\/><\/p>\n<p>F\u00f6rs\u00e4ljningen p\u00e5 Facebook Marketplace urartade.<\/p>\n<p>Foto: Facebook<\/p>\n<p>\u00d6ppna bild i helsk\u00e4rm<\/p>\n<p>Michael Ryan Burke, 42, skulle s\u00e4lja en mobiltelefon p\u00e5 <a href=\"https:\/\/www.expressen.se\/tagg\/organization\/facebook\/\" class=\"\" rel=\"nofollow noopener\" target=\"_blank\">Facebook<\/a> Marketplace och m\u00f6tte upp k\u00f6paren i den amerikanska delstaten Missouri.<\/p>\n<p>Men m\u00f6tet slutade med att 42-\u00e5ringen blev r\u00e5nad \u2013 och skjuten, <a href=\"https:\/\/nypost.com\/2026\/01\/23\/us-news\/decorated-marine-vet-gunned-down-senselessly-during-facebook-marketplace-sale-sent-heartbreaking-final-text-to-mother-sister\/\" rel=\"nofollow noopener\" target=\"_blank\">rapporterar New York Post<\/a>.<\/p>\n<p>De misst\u00e4nkta flydde, ovetande om att Michael Ryan Burke \u00e4nnu inte avlidit, och direkt efter skjutningen lyckades han ringa 112 f\u00f6r att beskriva g\u00e4rningsm\u00e4nnen.<\/p>\n<p>\u2013 Han ville inte g\u00e5 vidare till n\u00e4sta liv och d\u00f6 utan att ge oss information som skulle kunna skipa r\u00e4ttvisa \u00e5t dessa m\u00e4nniskor och l\u00e5ta dem veta att han alltid \u00e4lskade dem, s\u00e4ger v\u00e4nnen Jerry Reifess, <a href=\"https:\/\/nypost.com\/2026\/01\/23\/us-news\/decorated-marine-vet-gunned-down-senselessly-during-facebook-marketplace-sale-sent-heartbreaking-final-text-to-mother-sister\/\" rel=\"nofollow noopener\" target=\"_blank\">enligt New York Post<\/a>.<\/p>\n<p><img loading=\"lazy\"   alt=\"\"\/><\/p>\n<p>Marketplace \u00e4r Facebooks utmanare till Ebay, eller Tradera och Blocket i Sverige.<\/p>\n<p>Foto: Maria Kray \/ Shutterstock<\/p>\n<p>\u00d6ppna bild i helsk\u00e4rmSms:et till familjen<\/p>\n<p>Han hade \u00e4ven sinnesn\u00e4rvaro nog f\u00f6r att skicka ett sms till sin syster och mamma.<\/p>\n<p>\u201dJag h\u00e5ller p\u00e5 att d\u00f6, jag \u00e4lskar er\u201d, skrev han.<\/p>\n<p>Han avled senare p\u00e5 sjukhus.<\/p>\n<p>\u2013 S\u00e5dan var Ryan. Han satte alltid andra f\u00f6re sig sj\u00e4lv och ville vara s\u00e4ker p\u00e5 att m\u00e4nniskor visste vad han k\u00e4nde, s\u00e4ger Jerry Reifess vidare till tidningen.<\/p>\n<p>V\u00e4nnen beskriver Michael Ryan Burke som en \u201dmilit\u00e4rhj\u00e4lte\u201d efter sina \u00e5r inom milit\u00e4ren och han uppges \u00e4ven ha ing\u00e5tt i ett s\u00e4kerhetsteam inom Trump-administrationen under en kortare tid, skriver New York Post.<\/p>\n<p><img loading=\"lazy\"   alt=\"\"\/><\/p>\n<p>Alexis Baumann greps efter tv\u00e5 dagar.<\/p>\n<p>Foto: Columbia police department<\/p>\n<p>\u00d6ppna bild i helsk\u00e4rm<img loading=\"lazy\"   alt=\"\"\/><\/p>\n<p>Kobe Aust var ocks\u00e5 med vid r\u00e5nmordet och greps senare.<\/p>\n<p>Foto: Columbia police department<\/p>\n<p>\u00d6ppna bild i helsk\u00e4rm<img loading=\"lazy\"   alt=\"\"\/><\/p>\n<p>S\u00e5 \u00e4ven Joseph Crane. Alla tre \u00e4r 18 \u00e5r gamla.<\/p>\n<p>Foto: Columbia police department<\/p>\n<p>\u00d6ppna bild i helsk\u00e4rm<\/p>\n<p>Michael Ryan Burkes samtal till 112 kom att bli avg\u00f6rande.<\/p>\n<p>Tre personer, alla 18 \u00e5r gamla, greps tv\u00e5 dagar senare och har nu \u00e5talats f\u00f6r bland annat mord.<\/p>\n<p>\u2013 Jag \u00e4r v\u00e4ldigt glad att polisen gjorde sitt jobb och kunde gripa de h\u00e4r personerna v\u00e4ldigt snabbt, f\u00f6rutsatt att det \u00e4r r\u00e4tt personer, s\u00e4ger Jerry Reifess.<\/p>\n","protected":false},"excerpt":{"rendered":"Publicerad 29 jan 2026 kl 19.56Uppdaterad kl 20.09 En vanlig f\u00f6rs\u00e4ljning p\u00e5 Marketplace slutade med r\u00e5n och mord.&hellip;\n","protected":false},"author":2,"featured_media":150484,"comment_status":"","ping_status":"","sticky":false,"template":"","format":"standard","meta":{"footnotes":""},"categories":[14],"tags":[22,23,26,27,17,21,24,25,28,29,15,16,760,18,34,55,31,33,32,30,19,427,1499,436,20,51,52,53,54],"class_list":{"0":"post-150483","1":"post","2":"type-post","3":"status-publish","4":"format-standard","5":"has-post-thumbnail","7":"category-varlden","8":"tag-breaking-news","9":"tag-breakingnews","10":"tag-featured-news","11":"tag-featurednews","12":"tag-headlines","13":"tag-huvudnyheter","14":"tag-latest-news","15":"tag-latestnews","16":"tag-main-news","17":"tag-mainnews","18":"tag-news","19":"tag-nyheter","20":"tag-organization-facebook","21":"tag-rubriker","22":"tag-se","23":"tag-sections-varlden","24":"tag-svenska","25":"tag-sverige","26":"tag-sweden","27":"tag-swedish","28":"tag-top-stories","29":"tag-topic-dodsfall","30":"tag-topic-ran-stold","31":"tag-topic-valdsbrott-mord","32":"tag-topstories","33":"tag-varlden","34":"tag-world","35":"tag-world-news","36":"tag-worldnews"},"share_on_mastodon":{"url":"https:\/\/pubeurope.com\/@se\/115980164370624571","error":""},"_links":{"self":[{"href":"https:\/\/www.europesays.com\/se\/wp-json\/wp\/v2\/posts\/150483","targetHints":{"allow":["GET"]}}],"collection":[{"href":"https:\/\/www.europesays.com\/se\/wp-json\/wp\/v2\/posts"}],"about":[{"href":"https:\/\/www.europesays.com\/se\/wp-json\/wp\/v2\/types\/post"}],"author":[{"embeddable":true,"href":"https:\/\/www.europesays.com\/se\/wp-json\/wp\/v2\/users\/2"}],"replies":[{"embeddable":true,"href":"https:\/\/www.europesays.com\/se\/wp-json\/wp\/v2\/comments?post=150483"}],"version-history":[{"count":0,"href":"https:\/\/www.europesays.com\/se\/wp-json\/wp\/v2\/posts\/150483\/revisions"}],"wp:featuredmedia":[{"embeddable":true,"href":"https:\/\/www.europesays.com\/se\/wp-json\/wp\/v2\/media\/150484"}],"wp:attachment":[{"href":"https:\/\/www.europesays.com\/se\/wp-json\/wp\/v2\/media?parent=150483"}],"wp:term":[{"taxonomy":"category","embeddable":true,"href":"https:\/\/www.europesays.com\/se\/wp-json\/wp\/v2\/categories?post=150483"},{"taxonomy":"post_tag","embeddable":true,"href":"https:\/\/www.europesays.com\/se\/wp-json\/wp\/v2\/tags?post=150483"}],"curies":[{"name":"wp","href":"https:\/\/api.w.org\/{rel}","templated":true}]}}