{"id":150537,"date":"2026-01-29T20:58:12","date_gmt":"2026-01-29T20:58:12","guid":{"rendered":"https:\/\/www.europesays.com\/se\/150537\/"},"modified":"2026-01-29T20:58:12","modified_gmt":"2026-01-29T20:58:12","slug":"snabbutredning-ska-ta-fram-undantag-for-nya-lonekravet","status":"publish","type":"post","link":"https:\/\/www.europesays.com\/se\/150537\/","title":{"rendered":"Snabbutredning ska ta fram undantag f\u00f6r nya l\u00f6nekravet"},"content":{"rendered":"<p class=\"ingress\">\nDe nya l\u00f6nekraven f\u00f6r arbetskraftsinvandring sl\u00e5r h\u00e5rt mot bes\u00f6ksn\u00e4ringen. Nu ska dispens f\u00f6r vissa yrken snabbutredas.<\/p>\n<p>\nPublicerad 29 januari 2026<\/p>\n<p><img decoding=\"async\" src=\"https:\/\/www.europesays.com\/se\/wp-content\/uploads\/2026\/01\/snabbutredningbristyrken-1130x636.jpg\" alt=\"Snabbutredning ska ta fram undantag f\u00f6r nya l\u00f6nekravet\"\/><\/p>\n<p>\nKommer kockar med p\u00e5 listan \u00f6ver \u201dbristyrken med l\u00e5ngsiktiga rekryteringsbehov\u201d? Svar kommer senast den 20 mars.<br \/>\nFoto: Istockphoto\t\t\t\t\t\t\t\t\t\t\t\t\t\t<\/p>\n<p>Regeringen vill att Migrationsverket ska f\u00f6resl\u00e5 yrken som kan undantas fr\u00e5n det h\u00f6jda l\u00f6nekravet vid arbetskraftsinvandring. Detta ska snabbutredas tillsammans med Arbetsf\u00f6rmedlingen.<\/p>\n<p>De yrken som ska undantas m\u00e5ste enligt regeringen vara \u201dbristyrken med l\u00e5ngsiktiga rekryteringsbehov\u201d. Senast den 20 mars ska listan vara klar. <br \/>Sedan tidigare finns en \u00e4ldre <a href=\"https:\/\/www.hotellrevyn.se\/kockar-och-stadare-kan-undantas-lonekrav-trots-varning\/\" rel=\"nofollow noopener\" target=\"_blank\">sammanst\u00e4llning med 152 yrken<\/a> d\u00e4r det d\u00e5 ans\u00e5gs r\u00e5da brist. Det \u00e4r dock i slut\u00e4ndan regeringen som avg\u00f6r vilka yrken som f\u00e5r dispens.<\/p>\n<p>Regeringens f\u00f6rslag till h\u00f6jning av l\u00f6nekravet f\u00f6r arbetskraftsinvandring har v\u00e4ckt kritik. Redan i dag g\u00e4ller ett krav p\u00e5 80 procent av svensk medianl\u00f6n. Det nya f\u00f6rslaget inneb\u00e4r ett l\u00f6nekrav p\u00e5 90 procent. Detta motsvarar en m\u00e5nadsl\u00f6n p\u00e5 33 390 kronor (2025).<\/p>\n<p>S\u00e5gat av branschen<\/p>\n<p>Tid\u00f6regeringens nya h\u00f6jning har f\u00e5tt flera branscher att reagera. <br \/>Inte minst inom bes\u00f6ksn\u00e4ringen. S\u00e5v\u00e4l HRF som arbetsgivarna inom Visita har <a href=\"https:\/\/www.hotellrevyn.se\/branschen-sagar-nytt-bud-kring-lonekrav\/\" rel=\"nofollow noopener\" target=\"_blank\">s\u00e5gat<\/a> regeringens f\u00f6rslag om h\u00f6jda l\u00f6nekrav.<\/p>\n<p>\u2013 Vi i HRF v\u00e4lkomnar alla som vill och kan jobba i bes\u00f6ksn\u00e4ringen oavsett ursprung och mots\u00e4tter oss statlig inblandning i l\u00f6nebildning vilket vi anser att det h\u00e4r \u00e4r, sade HRF:s ordf\u00f6rande Eva-Lotta Ramberg till Hotellrevyn i h\u00f6stas.<\/p>\n<p>Enligt HRF b\u00f6r det inte finnas n\u00e5gra hinder f\u00f6r arbetskraftsinvandring om det r\u00e5der brist p\u00e5 kompetens och det finns fungerande kollektivavtal.<\/p>\n<p>Enig regering<\/p>\n<p>Regeringen betonar s\u00e4rskilt l\u00f6ner och villkor som viktiga, \u00e4ven n\u00e4r det g\u00e4ller yrken som ska undantas fr\u00e5n det nya l\u00f6nekravet.<\/p>\n<p>\u2013 Det tidigare l\u00f6nekravet f\u00f6r arbetskraftsinvandring l\u00e5g p\u00e5 en alldeles f\u00f6r l\u00e5g niv\u00e5, s\u00e4rskilt med tanke p\u00e5 hur m\u00e5nga som i dag st\u00e5r utanf\u00f6r arbetsmarknaden i Sverige. D\u00e4rf\u00f6r h\u00f6jer vi nu l\u00f6nekravet och satsar p\u00e5 att f\u00e5 fler m\u00e4nniskor som redan befinner sig i Sverige att komma i arbete. Samtidigt finns det branscher med stor kompetensbrist och d\u00e4r \u00e4r arbetskraftsinvandringen n\u00f6dv\u00e4ndig f\u00f6r att t\u00e4cka upp bristen p\u00e5 inhemsk arbetskraft, s\u00e4ger migrationsminister Johan Forssell (M) i ett uttalande.<\/p>\n<p>Arbetsmarknadsminister Johan Britz (L) har tidigare <a href=\"https:\/\/www.aftonbladet.se\/minekonomi\/a\/yEPogA\/arbetsmarknadsministern-vill-trotsa-tidoavtalet\" rel=\"nofollow noopener\" target=\"_blank\">kritiserat<\/a> denna del av regeringens politik. Enligt det ursprungliga Tid\u00f6avtalet skulle l\u00f6nekravet h\u00f6jas till 100 procent av medianl\u00f6nen (37 100 kronor i m\u00e5naden 2025). I ett uttalande v\u00e4lkomnar han nu beslutet om dispens f\u00f6r vissa yrken:<\/p>\n<p>\u2013 \u00a0Sverige beh\u00f6ver mer arbetskraftsinvandring. Detta \u00e4r ett steg i arbetet att f\u00f6renkla f\u00f6r svenska f\u00f6retag att kunna rekrytera kompetent arbetskraft fr\u00e5n utlandet.<\/p>\n<p>Artikeln uppdateras.<\/p>\n","protected":false},"excerpt":{"rendered":"De nya l\u00f6nekraven f\u00f6r arbetskraftsinvandring sl\u00e5r h\u00e5rt mot bes\u00f6ksn\u00e4ringen. Nu ska dispens f\u00f6r vissa yrken snabbutredas. Publicerad 29&hellip;\n","protected":false},"author":2,"featured_media":150538,"comment_status":"","ping_status":"","sticky":false,"template":"","format":"standard","meta":{"footnotes":""},"categories":[65],"tags":[14443,14444,72,70,71,14445,34,31,33,32,30],"class_list":{"0":"post-150537","1":"post","2":"type-post","3":"status-publish","4":"format-standard","5":"has-post-thumbnail","7":"category-ekonomi","8":"tag-arbetskraftsmigration","9":"tag-arbetstillstand","10":"tag-business","11":"tag-economy","12":"tag-ekonomi","13":"tag-lonekrav","14":"tag-se","15":"tag-svenska","16":"tag-sverige","17":"tag-sweden","18":"tag-swedish"},"share_on_mastodon":{"url":"https:\/\/pubeurope.com\/@se\/115980396327527129","error":""},"_links":{"self":[{"href":"https:\/\/www.europesays.com\/se\/wp-json\/wp\/v2\/posts\/150537","targetHints":{"allow":["GET"]}}],"collection":[{"href":"https:\/\/www.europesays.com\/se\/wp-json\/wp\/v2\/posts"}],"about":[{"href":"https:\/\/www.europesays.com\/se\/wp-json\/wp\/v2\/types\/post"}],"author":[{"embeddable":true,"href":"https:\/\/www.europesays.com\/se\/wp-json\/wp\/v2\/users\/2"}],"replies":[{"embeddable":true,"href":"https:\/\/www.europesays.com\/se\/wp-json\/wp\/v2\/comments?post=150537"}],"version-history":[{"count":0,"href":"https:\/\/www.europesays.com\/se\/wp-json\/wp\/v2\/posts\/150537\/revisions"}],"wp:featuredmedia":[{"embeddable":true,"href":"https:\/\/www.europesays.com\/se\/wp-json\/wp\/v2\/media\/150538"}],"wp:attachment":[{"href":"https:\/\/www.europesays.com\/se\/wp-json\/wp\/v2\/media?parent=150537"}],"wp:term":[{"taxonomy":"category","embeddable":true,"href":"https:\/\/www.europesays.com\/se\/wp-json\/wp\/v2\/categories?post=150537"},{"taxonomy":"post_tag","embeddable":true,"href":"https:\/\/www.europesays.com\/se\/wp-json\/wp\/v2\/tags?post=150537"}],"curies":[{"name":"wp","href":"https:\/\/api.w.org\/{rel}","templated":true}]}}