{"id":150541,"date":"2026-01-29T21:06:15","date_gmt":"2026-01-29T21:06:15","guid":{"rendered":"https:\/\/www.europesays.com\/se\/150541\/"},"modified":"2026-01-29T21:06:15","modified_gmt":"2026-01-29T21:06:15","slug":"med-fokus-pa-brottsligheten-mot-foretag","status":"publish","type":"post","link":"https:\/\/www.europesays.com\/se\/150541\/","title":{"rendered":"Med fokus p\u00e5 brottsligheten mot f\u00f6retag"},"content":{"rendered":"<p>Webbinarium<\/p>\n<p>Endast digitalt deltagande<\/p>\n<p class=\"EventCard_deadline__H62ZL\">Anm\u00e4l dig senast 24 februari<\/p>\n<p><strong>V\u00e4lkommen till ett webbinarium med fokus p\u00e5 brottsligheten mot f\u00f6retag i de sex nordligaste l\u00e4nen.<\/strong><\/p>\n<p>Svenska f\u00f6retag k\u00e4nner sig allt otryggare och brottsligheten mot f\u00f6retag \u00f6kar. Det finns en direkt koppling mellan organiserad brottslighet och de m\u00e4ngdbrott som f\u00f6retag drabbas av, framf\u00f6r allt st\u00f6lder och bedr\u00e4gerier. Detta och mycket annat visar Svenskt N\u00e4ringslivs rapport <strong>Brottsbarometern 2025<\/strong>. Susann Haggren, expert trygghet och s\u00e4kerhet p\u00e5 Svenskt N\u00e4ringsliv, presenterar resultaten med fokus p\u00e5 utsattheten f\u00f6r f\u00f6retagen i de sex nordligaste l\u00e4nen.<\/p>\n<p>Samarbetet mellan kommuner och det lokala n\u00e4ringslivet \u00e4r en avg\u00f6rande del i det brottf\u00f6rebyggande arbetet. Men hur v\u00e4l inkluderas det lokala n\u00e4ringslivet i arbetet f\u00f6r tryggare samh\u00e4llen? En enk\u00e4tunders\u00f6kning bland f\u00f6retagen visar att det redan finns flera goda initiativ men ocks\u00e5 utvecklingsm\u00f6jligheter. Ida Frisch, studentmedarbetare p\u00e5 Svenskt N\u00e4ringsliv, presenterar sitt arbete.<\/p>\n","protected":false},"excerpt":{"rendered":"Webbinarium Endast digitalt deltagande Anm\u00e4l dig senast 24 februari V\u00e4lkommen till ett webbinarium med fokus p\u00e5 brottsligheten mot&hellip;\n","protected":false},"author":2,"featured_media":57788,"comment_status":"","ping_status":"","sticky":false,"template":"","format":"standard","meta":{"footnotes":""},"categories":[65],"tags":[72,70,71,34,31,33,32,30],"class_list":{"0":"post-150541","1":"post","2":"type-post","3":"status-publish","4":"format-standard","5":"has-post-thumbnail","7":"category-ekonomi","8":"tag-business","9":"tag-economy","10":"tag-ekonomi","11":"tag-se","12":"tag-svenska","13":"tag-sverige","14":"tag-sweden","15":"tag-swedish"},"share_on_mastodon":{"url":"https:\/\/pubeurope.com\/@se\/115980427756628504","error":""},"_links":{"self":[{"href":"https:\/\/www.europesays.com\/se\/wp-json\/wp\/v2\/posts\/150541","targetHints":{"allow":["GET"]}}],"collection":[{"href":"https:\/\/www.europesays.com\/se\/wp-json\/wp\/v2\/posts"}],"about":[{"href":"https:\/\/www.europesays.com\/se\/wp-json\/wp\/v2\/types\/post"}],"author":[{"embeddable":true,"href":"https:\/\/www.europesays.com\/se\/wp-json\/wp\/v2\/users\/2"}],"replies":[{"embeddable":true,"href":"https:\/\/www.europesays.com\/se\/wp-json\/wp\/v2\/comments?post=150541"}],"version-history":[{"count":0,"href":"https:\/\/www.europesays.com\/se\/wp-json\/wp\/v2\/posts\/150541\/revisions"}],"wp:featuredmedia":[{"embeddable":true,"href":"https:\/\/www.europesays.com\/se\/wp-json\/wp\/v2\/media\/57788"}],"wp:attachment":[{"href":"https:\/\/www.europesays.com\/se\/wp-json\/wp\/v2\/media?parent=150541"}],"wp:term":[{"taxonomy":"category","embeddable":true,"href":"https:\/\/www.europesays.com\/se\/wp-json\/wp\/v2\/categories?post=150541"},{"taxonomy":"post_tag","embeddable":true,"href":"https:\/\/www.europesays.com\/se\/wp-json\/wp\/v2\/tags?post=150541"}],"curies":[{"name":"wp","href":"https:\/\/api.w.org\/{rel}","templated":true}]}}