{"id":150605,"date":"2026-01-29T22:47:08","date_gmt":"2026-01-29T22:47:08","guid":{"rendered":"https:\/\/www.europesays.com\/se\/150605\/"},"modified":"2026-01-29T22:47:08","modified_gmt":"2026-01-29T22:47:08","slug":"ludvig-rensfeldt-firade-med-mal-pa-fodelsedagen","status":"publish","type":"post","link":"https:\/\/www.europesays.com\/se\/150605\/","title":{"rendered":"Ludvig Rensfeldt firade med m\u00e5l p\u00e5 f\u00f6delsedagen"},"content":{"rendered":"<p>Publicerad 29 jan 2026 kl 21.12Uppdaterad kl 23.25<\/p>\n<p>Grattis p\u00e5 f\u00f6delsedagen, Ludvig Rensfeldt.\u00a0<\/p>\n<p>I present f\u00e5r du s\u00e4songens f\u00f6rsta m\u00e5l, en bruten f\u00f6rlusttrend och tre friska po\u00e4ng in p\u00e5 kontot.\u00a0<\/p>\n<p>Dessv\u00e4rre utgick din lagkapten med sm\u00e4rtor. \u00a0<\/p>\n<p><img loading=\"lazy\"   alt=\"\"\/><\/p>\n<p>Bakom Djurg\u00e5rdens seger l\u00e5g f\u00f6delsedagsbarnet Ludvig Rensfeldt.<\/p>\n<p>Foto: CHRISTOFFER BORG MATTISSON \/ BILDBYR\u00c5N<\/p>\n<p>\u00d6ppna bild i helsk\u00e4rm<img loading=\"lazy\"   alt=\"\"\/> <\/p>\n<p>Foto: CHRISTOFFER BORG MATTISSON \/ BILDBYR\u00c5N<\/p>\n<p>\u00d6ppna bild i helsk\u00e4rm<\/p>\n<p>Det har varit grus i maskineriet f\u00f6r Djurg\u00e5rden sedan ett par m\u00e5nader tillbaka och stockholmarna har sjunkit som en gr\u00e5sten i tabellen.\u00a0<\/p>\n<p>Men efter kv\u00e4llens m\u00f6te med R\u00f6gle p\u00e5 bortaplan kan de konstatera att en fyra matcher l\u00e5ng f\u00f6rlustsvit \u00e4r bruten efter seger med 3\u20132.\u00a0<\/p>\n<p>\u2013 Detta var v\u00e4ldigt viktiga po\u00e4ng f\u00f6r oss, och en sk\u00f6n seger. Vi har inte tagit m\u00e5nga po\u00e4ng p\u00e5 sistone och att komma hit och ta tre po\u00e4ng \u00e4r stort, s\u00e4ger tr\u00e4naren Robert Kimby.\u00a0<\/p>\n<p>Slog till med en delikatess<\/p>\n<p>Det var i den andra perioden det mesta h\u00e4nde.<\/p>\n<p>Victor Eklund \u00f6ppnade m\u00e5lskyttet tidigt n\u00e4r han brottade in pucken bakom Arvid Holm. Hemmalaget protesterade d\u00e5 de ans\u00e5g att burv\u00e4ktaren blivit \u00f6verk\u00f6rd, men fick inget geh\u00f6r fr\u00e5n domaren.\u00a0<\/p>\n<p>Sedan var det dags f\u00f6r tv\u00e5 spelare att \u00f6ppna m\u00e5lkontot f\u00f6r s\u00e4songen. F\u00f6rst var det R\u00f6gles Gregor Biber som kvitterade, innan veteranen Ludvig Rensfeldt svarade f\u00f6r kv\u00e4llens delikatess p\u00e5 sin 34-\u00e5rsdag.\u00a0<\/p>\n<p>Fr\u00e5n v\u00e4nsterkanten snirklade han sig fram och kunde genom en puck i krysset s\u00e4tta g\u00e4sterna i f\u00f6rars\u00e4tet igen.\u00a0<\/p>\n<p>Innan perioden var \u00f6ver hade Joey LaLeggia gjort 3\u20131 f\u00f6r Dif direkt fr\u00e5n utvisningsb\u00e5set.\u00a0<\/p>\n<p>\u2013 Jag har inte f\u00e5tt n\u00e5gon present \u00e4n, men tre po\u00e4ng vore kanon, s\u00e4ger Rensfeldt han i TV4 Play i paus.\u00a0<\/p>\n<p>S\u00e5 blev det ocks\u00e5.\u00a0<\/p>\n<p>I slutakten reducerade R\u00f6gle, men kom inte n\u00e4rmre \u00e4n s\u00e5 och matchen slutade med en 3\u20132-seger f\u00f6r stockholmarna.\u00a0<\/p>\n<p>Lagkaptenen skadad<\/p>\n<p>Smolken i gl\u00e4djeb\u00e4garen var att Marcus Kr\u00fcger utgick i den tredje perioden efter att ha kolliderat med Fredrik Olofsson och kom inte tillbaka i spel.\u00a0<\/p>\n<p>\u2013 Vi f\u00e5r v\u00e4nta och se exakt vad som h\u00e4nde. Just nu vet jag bara att han gick av isen och inte kunde spela vidare. Jag har inte h\u00f6rt n\u00e5got efter det, s\u00e4ger Kimby.\u00a0<\/p>\n<p>Djurg\u00e5rden ligger tia i tabellen med 53 po\u00e4ng. R\u00f6gle \u00e4r trea med 70.\u00a0<\/p>\n<p><img loading=\"lazy\"   alt=\"\"\/>\u00d6ppna bild i helsk\u00e4rm<\/p>\n","protected":false},"excerpt":{"rendered":"Publicerad 29 jan 2026 kl 21.12Uppdaterad kl 23.25 Grattis p\u00e5 f\u00f6delsedagen, Ludvig Rensfeldt.\u00a0 I present f\u00e5r du s\u00e4songens&hellip;\n","protected":false},"author":2,"featured_media":150606,"comment_status":"","ping_status":"","sticky":false,"template":"","format":"standard","meta":{"footnotes":""},"categories":[68],"tags":[814,1015,1179,34,255,823,111,110,31,33,32,30],"class_list":{"0":"post-150605","1":"post","2":"type-post","3":"status-publish","4":"format-standard","5":"has-post-thumbnail","7":"category-sport","8":"tag-organization-djurgarden-hockey","9":"tag-organization-rogle-bk","10":"tag-organization-shl","11":"tag-se","12":"tag-sections-ishockey","13":"tag-sections-shl","14":"tag-sport","15":"tag-sports","16":"tag-svenska","17":"tag-sverige","18":"tag-sweden","19":"tag-swedish"},"share_on_mastodon":{"url":"https:\/\/pubeurope.com\/@se\/115980824971810052","error":""},"_links":{"self":[{"href":"https:\/\/www.europesays.com\/se\/wp-json\/wp\/v2\/posts\/150605","targetHints":{"allow":["GET"]}}],"collection":[{"href":"https:\/\/www.europesays.com\/se\/wp-json\/wp\/v2\/posts"}],"about":[{"href":"https:\/\/www.europesays.com\/se\/wp-json\/wp\/v2\/types\/post"}],"author":[{"embeddable":true,"href":"https:\/\/www.europesays.com\/se\/wp-json\/wp\/v2\/users\/2"}],"replies":[{"embeddable":true,"href":"https:\/\/www.europesays.com\/se\/wp-json\/wp\/v2\/comments?post=150605"}],"version-history":[{"count":0,"href":"https:\/\/www.europesays.com\/se\/wp-json\/wp\/v2\/posts\/150605\/revisions"}],"wp:featuredmedia":[{"embeddable":true,"href":"https:\/\/www.europesays.com\/se\/wp-json\/wp\/v2\/media\/150606"}],"wp:attachment":[{"href":"https:\/\/www.europesays.com\/se\/wp-json\/wp\/v2\/media?parent=150605"}],"wp:term":[{"taxonomy":"category","embeddable":true,"href":"https:\/\/www.europesays.com\/se\/wp-json\/wp\/v2\/categories?post=150605"},{"taxonomy":"post_tag","embeddable":true,"href":"https:\/\/www.europesays.com\/se\/wp-json\/wp\/v2\/tags?post=150605"}],"curies":[{"name":"wp","href":"https:\/\/api.w.org\/{rel}","templated":true}]}}