{"id":150614,"date":"2026-01-29T22:55:09","date_gmt":"2026-01-29T22:55:09","guid":{"rendered":"https:\/\/www.europesays.com\/se\/150614\/"},"modified":"2026-01-29T22:55:09","modified_gmt":"2026-01-29T22:55:09","slug":"ishockey-par-lindholm-gor-jimmie-ericssons-klassiker-mitt-framfor-ogonen-pa-honom","status":"publish","type":"post","link":"https:\/\/www.europesays.com\/se\/150614\/","title":{"rendered":"Ishockey: P\u00e4r Lindholm g\u00f6r Jimmie Ericssons klassiker \u2013 mitt framf\u00f6r \u00f6gonen p\u00e5 honom"},"content":{"rendered":"<p>Det har snart g\u00e5tt tio \u00e5r sedan Skellefte\u00e5s Jimmie Ericsson gjorde det klassiska m\u00e5let fr\u00e5n tekning mot HV71 i kvartsfinalserien.<\/p>\n<p>Under torsdagskv\u00e4llen var det premi\u00e4r f\u00f6r det nya konceptet \u201dHj\u00e4ltematchen\u201d i Skellefte\u00e5 Kraft Arena. Och lagom till att Ericsson, med 15 s\u00e4songer i Skellefte\u00e5 AIK, skulle hyllas, passade P\u00e4r Lindholm p\u00e5 att hylla honom lite extra \u2013 med ett exakt likadant m\u00e5l. <\/p>\n<p>Lindholm vinkade till Ericsson<\/p>\n<p>Det vill s\u00e4ga, att han gjorde m\u00e5l direkt p\u00e5 tekning. Efter m\u00e5let passade Lindholm \u00e4ven p\u00e5 att vinka till Ericsson som satt p\u00e5 l\u00e4ktaren. <\/p>\n<p>\u2013 Highlightsklippen p\u00e5 \u201dJimpa\u201d har ju rullat hela veckan, s\u00e5 det g\u00e4llde att passa p\u00e5, s\u00e4ger Lindholm till TV4.<\/p>\n<p>Efter m\u00e5let zoomades Ericsson in och p\u00e5 TV-bilderna s\u00e5g man hur profilen log brett. <\/p>\n<p>Den 17 september 2022 fick Jimmie Ericsson, som f\u00f6rsta Skellefte\u00e5-spelare n\u00e5gonsin, sin tr\u00f6ja hissad i taket i Skellefte\u00e5 Kraft Arena.<\/p>\n<p>Kv\u00e4llens match vann Skellefte\u00e5 med 7\u20134 efter bland annat tv\u00e5 m\u00e5l av hemmalagets Jonathan Johnson.<\/p>\n<p><strong>ARKIV: Se Jimmie Ericssons fr\u00e4cka avg\u00f6rande 2016<\/strong><\/p>\n","protected":false},"excerpt":{"rendered":"Det har snart g\u00e5tt tio \u00e5r sedan Skellefte\u00e5s Jimmie Ericsson gjorde det klassiska m\u00e5let fr\u00e5n tekning mot HV71&hellip;\n","protected":false},"author":2,"featured_media":150615,"comment_status":"","ping_status":"","sticky":false,"template":"","format":"standard","meta":{"footnotes":""},"categories":[68],"tags":[34,111,110,31,33,32,30],"class_list":{"0":"post-150614","1":"post","2":"type-post","3":"status-publish","4":"format-standard","5":"has-post-thumbnail","7":"category-sport","8":"tag-se","9":"tag-sport","10":"tag-sports","11":"tag-svenska","12":"tag-sverige","13":"tag-sweden","14":"tag-swedish"},"share_on_mastodon":{"url":"https:\/\/pubeurope.com\/@se\/115980856271998546","error":""},"_links":{"self":[{"href":"https:\/\/www.europesays.com\/se\/wp-json\/wp\/v2\/posts\/150614","targetHints":{"allow":["GET"]}}],"collection":[{"href":"https:\/\/www.europesays.com\/se\/wp-json\/wp\/v2\/posts"}],"about":[{"href":"https:\/\/www.europesays.com\/se\/wp-json\/wp\/v2\/types\/post"}],"author":[{"embeddable":true,"href":"https:\/\/www.europesays.com\/se\/wp-json\/wp\/v2\/users\/2"}],"replies":[{"embeddable":true,"href":"https:\/\/www.europesays.com\/se\/wp-json\/wp\/v2\/comments?post=150614"}],"version-history":[{"count":0,"href":"https:\/\/www.europesays.com\/se\/wp-json\/wp\/v2\/posts\/150614\/revisions"}],"wp:featuredmedia":[{"embeddable":true,"href":"https:\/\/www.europesays.com\/se\/wp-json\/wp\/v2\/media\/150615"}],"wp:attachment":[{"href":"https:\/\/www.europesays.com\/se\/wp-json\/wp\/v2\/media?parent=150614"}],"wp:term":[{"taxonomy":"category","embeddable":true,"href":"https:\/\/www.europesays.com\/se\/wp-json\/wp\/v2\/categories?post=150614"},{"taxonomy":"post_tag","embeddable":true,"href":"https:\/\/www.europesays.com\/se\/wp-json\/wp\/v2\/tags?post=150614"}],"curies":[{"name":"wp","href":"https:\/\/api.w.org\/{rel}","templated":true}]}}