{"id":150632,"date":"2026-01-29T23:11:15","date_gmt":"2026-01-29T23:11:15","guid":{"rendered":"https:\/\/www.europesays.com\/se\/150632\/"},"modified":"2026-01-29T23:11:15","modified_gmt":"2026-01-29T23:11:15","slug":"aik-toppar-aterigen-listan-pa-sveriges-starkaste-idrottsvarumarke","status":"publish","type":"post","link":"https:\/\/www.europesays.com\/se\/150632\/","title":{"rendered":"AIK toppar \u00e5terigen listan p\u00e5 Sveriges starkaste idrottsvarum\u00e4rke"},"content":{"rendered":"<p>Bakgrund<\/p>\n<p class=\"Paragraph_paragraph__uxXGA Paragraph_l__32960\">Sedan fjorton \u00e5r tillbaka har Sport &amp; Aff\u00e4rer listat den idrottsf\u00f6rening som har det starkaste varum\u00e4rket i landet. Allm\u00e4nna Idrottsklubben har toppat listan under samtliga \u00e5r, och g\u00f6r s\u00e5 \u00e4ven under 2026.<\/p>\n<p>Resultat 2026<\/p>\n<p class=\"Paragraph_paragraph__uxXGA Paragraph_l__32960\">S\u00e4songen 2025 pendlade med b\u00e5de h\u00f6ga och l\u00e5ga sportsliga resultat f\u00f6r AIK Fotbolls representationslag. S\u00e4songen i OBOS Damallsvenskan blev n\u00e5got av ett gl\u00e4dje\u00e4mne d\u00e5 AIK placerade sig p\u00e5 en \u00e5ttonde plats, elva po\u00e4ng ned till kvalplatsen. Klubbens herrlag hade, j\u00e4mf\u00f6rt med \u00e5ret innan, en tuff s\u00e4song d\u00e5 man f\u00f6rst missade slutspel i Svenska cupen f\u00f6r att d\u00e4refter bli utslagna ur Uefa Conference League i den tredje kvalomg\u00e5ngen. S\u00e4songen avslutades med en sjunde plats i Allsvenskan. Trots detta har AIK beh\u00e5llt sin position i toppen som landets starkaste idrottsvarum\u00e4rke och har \u00f6kat till 17.2% (16,9%) i m\u00e4tningen. AIK p\u00e5 f\u00f6rstaplats har\u00a03,3 procentenheter till tv\u00e5an, Djurg\u00e5rdens IF.<\/p>\n<p class=\"Paragraph_paragraph__uxXGA Paragraph_l__32960\">\u2013 Att vi \u00e5terigen utses till Sveriges starkaste idrottsvarum\u00e4rke ger AIK en bra position i samtal med nya partners. F\u00f6r f\u00f6retag som vill etablera sig i Sverige och Skandinavien \u00e4r AIK ett naturligt val. Samtidigt n\u00f6jer vi oss inte med att beh\u00e5lla v\u00e5r position \u2013 vi forts\u00e4tter att st\u00e4rka varum\u00e4rket och \u00f6ka v\u00e5r attraktionskraft ytterligare, s\u00e4ger Johan Westin, f\u00f6rs\u00e4ljningschef p\u00e5 AIK Fotboll.<\/p>\n<p class=\"Paragraph_paragraph__uxXGA Paragraph_l__32960\"><strong>Information g\u00e4llande unders\u00f6kningen<\/strong><br \/>Unders\u00f6kningen \u00e4r genomf\u00f6rd som en webbunders\u00f6kning inom ramen f\u00f6r Demoskops webbomnibus under perioden den 27 december 2025 och 7 januari 2026. Urvalet i unders\u00f6kningen g\u00f6rs inom ramen f\u00f6r en i f\u00f6rv\u00e4g rekryterad onlinepanel. Urvalet inom panelen \u00e4r riksrepresentativt och kan s\u00e4gas utg\u00f6ra ett mini-Sverige. Resultaten baseras p\u00e5 1.000 genomf\u00f6rda webbenk\u00e4ter med personer mellan 18\u201379 \u00e5r. Urvalsprincipen \u00e4r densamma som i Demoskops m\u00e5natliga v\u00e4ljarunders\u00f6kningar som publiceras i Aftonbladet och Svenska Dagbladet. Procentandelarna i resultaten utg\u00f6r antalet svar f\u00f6r en viss klubb i f\u00f6rh\u00e5llande till det totala antalet klubbar som n\u00e4mnts.<\/p>\n","protected":false},"excerpt":{"rendered":"Bakgrund Sedan fjorton \u00e5r tillbaka har Sport &amp; Aff\u00e4rer listat den idrottsf\u00f6rening som har det starkaste varum\u00e4rket i&hellip;\n","protected":false},"author":2,"featured_media":150633,"comment_status":"","ping_status":"","sticky":false,"template":"","format":"standard","meta":{"footnotes":""},"categories":[68],"tags":[34,111,110,31,33,32,30],"class_list":{"0":"post-150632","1":"post","2":"type-post","3":"status-publish","4":"format-standard","5":"has-post-thumbnail","7":"category-sport","8":"tag-se","9":"tag-sport","10":"tag-sports","11":"tag-svenska","12":"tag-sverige","13":"tag-sweden","14":"tag-swedish"},"share_on_mastodon":{"url":"https:\/\/pubeurope.com\/@se\/115980919298098062","error":""},"_links":{"self":[{"href":"https:\/\/www.europesays.com\/se\/wp-json\/wp\/v2\/posts\/150632","targetHints":{"allow":["GET"]}}],"collection":[{"href":"https:\/\/www.europesays.com\/se\/wp-json\/wp\/v2\/posts"}],"about":[{"href":"https:\/\/www.europesays.com\/se\/wp-json\/wp\/v2\/types\/post"}],"author":[{"embeddable":true,"href":"https:\/\/www.europesays.com\/se\/wp-json\/wp\/v2\/users\/2"}],"replies":[{"embeddable":true,"href":"https:\/\/www.europesays.com\/se\/wp-json\/wp\/v2\/comments?post=150632"}],"version-history":[{"count":0,"href":"https:\/\/www.europesays.com\/se\/wp-json\/wp\/v2\/posts\/150632\/revisions"}],"wp:featuredmedia":[{"embeddable":true,"href":"https:\/\/www.europesays.com\/se\/wp-json\/wp\/v2\/media\/150633"}],"wp:attachment":[{"href":"https:\/\/www.europesays.com\/se\/wp-json\/wp\/v2\/media?parent=150632"}],"wp:term":[{"taxonomy":"category","embeddable":true,"href":"https:\/\/www.europesays.com\/se\/wp-json\/wp\/v2\/categories?post=150632"},{"taxonomy":"post_tag","embeddable":true,"href":"https:\/\/www.europesays.com\/se\/wp-json\/wp\/v2\/tags?post=150632"}],"curies":[{"name":"wp","href":"https:\/\/api.w.org\/{rel}","templated":true}]}}