{"id":150670,"date":"2026-01-30T00:47:12","date_gmt":"2026-01-30T00:47:12","guid":{"rendered":"https:\/\/www.europesays.com\/se\/150670\/"},"modified":"2026-01-30T00:47:12","modified_gmt":"2026-01-30T00:47:12","slug":"polisen-om-kommunikationen-efter-dadet-pa-risbergska-beklagar","status":"publish","type":"post","link":"https:\/\/www.europesays.com\/se\/150670\/","title":{"rendered":"Polisen om kommunikationen efter d\u00e5det p\u00e5 Risbergska: \u201dBeklagar\u201d"},"content":{"rendered":"<p>Under torsdagen bj\u00f6d Institutet f\u00f6r mediestudier in till ett seminarium om deras nya rapport om masskjutningen i \u00d6rebro.<\/p>\n<p>I rapporten vittnar flera journalister p\u00e5 plats och deras chefer p\u00e5 nyhetsredaktionerna om hur sv\u00e5rt det var att rapportera om d\u00e5det p\u00e5 Campus Risbergska. De visste att det fanns d\u00f6dsoffer men fick det inte bekr\u00e4ftat av polisen f\u00f6rr\u00e4n vid den andra presstr\u00e4ffen runt klockan 18 p\u00e5 kv\u00e4llen.<\/p>\n<p>Uppgifter fanns \u2013 bekr\u00e4ftelsen dr\u00f6jde<\/p>\n<p>Redan vid 14-tiden hade flera medier vittnesm\u00e5l fr\u00e5n platsen om d\u00f6da. SVT Nyheter \u00d6rebro gick ut med uppgiften om d\u00f6da under polisens f\u00f6rsta presskonferens klockan 15:30.<\/p>\n<p>\u2013 Vi hade nog v\u00e4ntat oss vid presstr\u00e4ffen klockan 15:30 att det skulle komma \u00e5tminstone en uppgift om att det finns d\u00f6dsfall eller d\u00f6da, s\u00e4ger Anna Holm, kanalchef P4 \u00d6rebro.<\/p>\n<p>Hon ber\u00e4ttar att de gick ut med att det fanns d\u00f6da i samband med d\u00e5det innan det bekr\u00e4ftades p\u00e5 polisens andra presstr\u00e4ff klockan 18.<\/p>\n<p>\u2013 F\u00f6r vi k\u00e4nde tillslut att det blir att f\u00f6ra folk bakom ljuset lite. Vi m\u00e5ste ju ber\u00e4tta det vi vet f\u00f6r att folk ska kunna lita p\u00e5 oss, s\u00e4ger hon.<\/p>\n<p>\u2013 Det \u00e4r v\u00e4ldigt l\u00e5ng tid som g\u00e5r innan vi kan bekr\u00e4fta det som flera personer runt om har kunnat observera, s\u00e4ger Niclas Hallgren.<\/p>\n<p>Gick ut med felaktig motivbild<\/p>\n<p>Tidigt p\u00e5 morgonen, dagen efter d\u00e5det, skickade polisen ut ett pressmeddelande d\u00e4r de konstaterade att de inte k\u00e4nde till motivet f\u00f6r skjutningen men \u201datt allt tyder p\u00e5 att g\u00e4rningsmannen har agerat ensam och utan ideologiska motiv\u201d.<\/p>\n<p>\u2013 Vi beklagar det pressmeddelandet starkt. Det arbetades fram under natten mellan den 4 och 5 och formuleringen i det \u00e4r inte det som vi jobbade efter vid det tillf\u00e4llet, s\u00e4ger Niclas Hallgren och forts\u00e4tter:<\/p>\n<p>\u2013 Det \u00e4r f\u00f6rst i slutet av utredningen d\u00e4r vi kan konstatera vissa omst\u00e4ndigheter som talar f\u00f6r vilken typ av h\u00e4ndelse det var. Men d\u00e4r och d\u00e5 var det en felaktig formulering som tyv\u00e4rr har p\u00e5verkat b\u00e5de oss, medborgare och ytterst \u00e4ven de drabbade s\u00e5klart.<\/p>\n<p>\u2013 Vi hade ingen fakta om n\u00e5got som helst motiv och d\u00e5 \u00e4r det f\u00f6r tidigt att g\u00e5 in i den kommunikationen, det \u00e4r en erfarenhet som vi tar med oss.<\/p>\n","protected":false},"excerpt":{"rendered":"Under torsdagen bj\u00f6d Institutet f\u00f6r mediestudier in till ett seminarium om deras nya rapport om masskjutningen i \u00d6rebro.&hellip;\n","protected":false},"author":2,"featured_media":150671,"comment_status":"","ping_status":"","sticky":false,"template":"","format":"standard","meta":{"footnotes":""},"categories":[12],"tags":[22,23,26,27,17,21,24,25,28,29,15,16,18,34,31,33,32,30,19,20],"class_list":{"0":"post-150670","1":"post","2":"type-post","3":"status-publish","4":"format-standard","5":"has-post-thumbnail","7":"category-sverige","8":"tag-breaking-news","9":"tag-breakingnews","10":"tag-featured-news","11":"tag-featurednews","12":"tag-headlines","13":"tag-huvudnyheter","14":"tag-latest-news","15":"tag-latestnews","16":"tag-main-news","17":"tag-mainnews","18":"tag-news","19":"tag-nyheter","20":"tag-rubriker","21":"tag-se","22":"tag-svenska","23":"tag-sverige","24":"tag-sweden","25":"tag-swedish","26":"tag-top-stories","27":"tag-topstories"},"share_on_mastodon":{"url":"https:\/\/pubeurope.com\/@se\/115981296759378882","error":""},"_links":{"self":[{"href":"https:\/\/www.europesays.com\/se\/wp-json\/wp\/v2\/posts\/150670","targetHints":{"allow":["GET"]}}],"collection":[{"href":"https:\/\/www.europesays.com\/se\/wp-json\/wp\/v2\/posts"}],"about":[{"href":"https:\/\/www.europesays.com\/se\/wp-json\/wp\/v2\/types\/post"}],"author":[{"embeddable":true,"href":"https:\/\/www.europesays.com\/se\/wp-json\/wp\/v2\/users\/2"}],"replies":[{"embeddable":true,"href":"https:\/\/www.europesays.com\/se\/wp-json\/wp\/v2\/comments?post=150670"}],"version-history":[{"count":0,"href":"https:\/\/www.europesays.com\/se\/wp-json\/wp\/v2\/posts\/150670\/revisions"}],"wp:featuredmedia":[{"embeddable":true,"href":"https:\/\/www.europesays.com\/se\/wp-json\/wp\/v2\/media\/150671"}],"wp:attachment":[{"href":"https:\/\/www.europesays.com\/se\/wp-json\/wp\/v2\/media?parent=150670"}],"wp:term":[{"taxonomy":"category","embeddable":true,"href":"https:\/\/www.europesays.com\/se\/wp-json\/wp\/v2\/categories?post=150670"},{"taxonomy":"post_tag","embeddable":true,"href":"https:\/\/www.europesays.com\/se\/wp-json\/wp\/v2\/tags?post=150670"}],"curies":[{"name":"wp","href":"https:\/\/api.w.org\/{rel}","templated":true}]}}