{"id":150674,"date":"2026-01-30T00:55:15","date_gmt":"2026-01-30T00:55:15","guid":{"rendered":"https:\/\/www.europesays.com\/se\/150674\/"},"modified":"2026-01-30T00:55:15","modified_gmt":"2026-01-30T00:55:15","slug":"sveriges-beslut-om-turkiet-kan-fa-konsekvenser","status":"publish","type":"post","link":"https:\/\/www.europesays.com\/se\/150674\/","title":{"rendered":"Sveriges beslut om Turkiet kan f\u00e5 konsekvenser"},"content":{"rendered":"<p data-testid=\"lead\" itemprop=\"description\">Regeringen avsl\u00e5r Turkiets ans\u00f6kan om r\u00e4ttsligt bist\u00e5nd i r\u00e4tteg\u00e5ngen mot journalisten Joakim Medin<\/p>\n<p class=\"sc-386f005-0 sc-e37c0145-2 sekfo DQgPn\">Journalisten Joakim Medin, som sl\u00e4pptes fr\u00e5n turkiskt i f\u00e4ngelse i maj f\u00f6rra \u00e5ret, st\u00e5r fortfarande \u00e5talad f\u00f6r terrorism i landet p\u00e5 grund av sin journalistik.<\/p>\n<p class=\"sc-386f005-0 sc-e37c0145-2 sekfo DQgPn\">\u201dSkrattretande, absurda och allvarliga anklagelser\u201d, har han tidigare <a href=\"https:\/\/www.tv4.se\/artikel\/1emKOMMOSI9MggdxYE6eFg\/skrattretande-absurda-och-allvarliga-anklagelser\" class=\"pcc\" target=\"_top\" rel=\"nofollow noopener\">sagt till TV4<\/a>.<\/p>\n<p class=\"sc-386f005-0 sc-e37c0145-2 sekfo DQgPn\">Han hade hoppats p\u00e5 att justitiedepartementet skulle s\u00e4ga ja till Turkiets ans\u00f6kan om att h\u00f6ra honom p\u00e5 svensk mark.<\/p>\n<p class=\"sc-386f005-0 sc-e37c0145-2 sekfo DQgPn\">Nu meddelar regeringen att s\u00e5 inte blir fallet.<\/p>\n<p class=\"sc-386f005-0 sc-e37c0145-2 sekfo DQgPn\">\u2013 Det h\u00e4r p\u00e5verkar v\u00e4ldigt mycket. Nu m\u00e5ste advokaterna meddela Turkiet att det inte blir ett f\u00f6rh\u00f6r. Det h\u00e4r kan f\u00e5 dramatiska konsekvenser om vi har lite otur, s\u00e4ger han och f\u00f6rklarar:<\/p>\n<p class=\"sc-386f005-0 sc-e37c0145-2 sekfo DQgPn\">\u2013 Nu kan Turkiet bed\u00f6ma att jag f\u00f6rs\u00f6ker fly r\u00e4ttvisan och efterlysa mig via Interpol. Det skulle h\u00e4mma mig, min tidning och mitt  privatliv. Men vi vet inte vad det h\u00e4r kommer leda till just nu. Det \u00e4r fortfarande en oklar situation.<\/p>\n<p>\u201dHade hoppats p\u00e5 ett undantag\u201d<\/p>\n<p class=\"sc-386f005-0 sc-e37c0145-2 sekfo DQgPn\">Sveriges justitieminister Gunnar Str\u00f6mmer har tidigare sagt till TT att Sverige enligt lagen kan fatta n\u00e5got annat beslut \u00e4n det de gjort. <\/p>\n<p class=\"sc-386f005-0 sc-e37c0145-2 sekfo DQgPn\">\u2013 Detta handlar om ifall Sverige ska till\u00e5ta att v\u00e5ra domstolar ska bli verktyg f\u00f6r andra l\u00e4nders r\u00e4ttsprocesser mot svenska journalister. Det h\u00e4r \u00e4r en fr\u00e5ga mellan tv\u00e5 stater, sade Str\u00f6mmer.<\/p>\n<p class=\"sc-386f005-0 sc-e37c0145-2 sekfo DQgPn\">Joakim Medin \u00e4r inte f\u00f6rv\u00e5nad och s\u00e4ger att han f\u00f6rst\u00e5r Str\u00f6mmers resonemang.<\/p>\n<p class=\"sc-386f005-0 sc-e37c0145-2 sekfo DQgPn\">\u2013 Jag har vetat om att det h\u00e4r har hela tiden varit en k\u00e4nslig sak att hantera f\u00f6r regeringen. Skulle man ha sagt ja till den h\u00e4r saken skulle man kunnat f\u00e5 kritik f\u00f6r det, s\u00e4ger journalisten. Men fr\u00e5n min sida hade vi \u00e4nd\u00e5 hoppats p\u00e5 ett undantag.<\/p>\n<p>Vill kommunicera med regeringen<\/p>\n<p class=\"sc-386f005-0 sc-e37c0145-2 sekfo DQgPn\">H\u00e4rn\u00e4st ska Joakim Medin ha ett m\u00f6te med sina advokater och prata om hur de g\u00e5 vidare. Han \u00f6nskar ocks\u00e5 en tydligare kommunikation med regeringen.<\/p>\n<p class=\"sc-386f005-0 sc-e37c0145-2 sekfo DQgPn\">\u2013 De har inte haft n\u00e5gon kontakt med mig och jag har inte f\u00e5tt insyn i hur man resonerat. Det vore v\u00e4ldigt bra att etablera n\u00e5gon kontakt med regeringen och prata om vad som kan ske efter detta. Jag undrar om det h\u00e4r \u00e4r det sista regeringen g\u00f6r i mitt \u00e4rende. <\/p>\n<p class=\"sc-386f005-0 sc-e37c0145-2 sekfo DQgPn\">\u2013 Riskerar jag att bli internationellt efterlyst kan inte jag sj\u00e4lv ringa till Interpol. Det ska inga efterlysta kunna g\u00f6ra. D\u00e5 m\u00e5ste man f\u00e5 assistans fr\u00e5n sin stat. Det h\u00e4r \u00e4r en typisk sak som jag verkligen f\u00f6rv\u00e4ntar mig att f\u00e5 hj\u00e4lp med.<\/p>\n","protected":false},"excerpt":{"rendered":"Regeringen avsl\u00e5r Turkiets ans\u00f6kan om r\u00e4ttsligt bist\u00e5nd i r\u00e4tteg\u00e5ngen mot journalisten Joakim Medin Journalisten Joakim Medin, som sl\u00e4pptes&hellip;\n","protected":false},"author":2,"featured_media":150675,"comment_status":"","ping_status":"","sticky":false,"template":"","format":"standard","meta":{"footnotes":""},"categories":[12],"tags":[22,23,26,27,17,21,24,25,28,29,15,16,18,34,31,33,32,30,19,20],"class_list":{"0":"post-150674","1":"post","2":"type-post","3":"status-publish","4":"format-standard","5":"has-post-thumbnail","7":"category-sverige","8":"tag-breaking-news","9":"tag-breakingnews","10":"tag-featured-news","11":"tag-featurednews","12":"tag-headlines","13":"tag-huvudnyheter","14":"tag-latest-news","15":"tag-latestnews","16":"tag-main-news","17":"tag-mainnews","18":"tag-news","19":"tag-nyheter","20":"tag-rubriker","21":"tag-se","22":"tag-svenska","23":"tag-sverige","24":"tag-sweden","25":"tag-swedish","26":"tag-top-stories","27":"tag-topstories"},"share_on_mastodon":{"url":"https:\/\/pubeurope.com\/@se\/115981328325722771","error":""},"_links":{"self":[{"href":"https:\/\/www.europesays.com\/se\/wp-json\/wp\/v2\/posts\/150674","targetHints":{"allow":["GET"]}}],"collection":[{"href":"https:\/\/www.europesays.com\/se\/wp-json\/wp\/v2\/posts"}],"about":[{"href":"https:\/\/www.europesays.com\/se\/wp-json\/wp\/v2\/types\/post"}],"author":[{"embeddable":true,"href":"https:\/\/www.europesays.com\/se\/wp-json\/wp\/v2\/users\/2"}],"replies":[{"embeddable":true,"href":"https:\/\/www.europesays.com\/se\/wp-json\/wp\/v2\/comments?post=150674"}],"version-history":[{"count":0,"href":"https:\/\/www.europesays.com\/se\/wp-json\/wp\/v2\/posts\/150674\/revisions"}],"wp:featuredmedia":[{"embeddable":true,"href":"https:\/\/www.europesays.com\/se\/wp-json\/wp\/v2\/media\/150675"}],"wp:attachment":[{"href":"https:\/\/www.europesays.com\/se\/wp-json\/wp\/v2\/media?parent=150674"}],"wp:term":[{"taxonomy":"category","embeddable":true,"href":"https:\/\/www.europesays.com\/se\/wp-json\/wp\/v2\/categories?post=150674"},{"taxonomy":"post_tag","embeddable":true,"href":"https:\/\/www.europesays.com\/se\/wp-json\/wp\/v2\/tags?post=150674"}],"curies":[{"name":"wp","href":"https:\/\/api.w.org\/{rel}","templated":true}]}}