{"id":150691,"date":"2026-01-30T02:18:07","date_gmt":"2026-01-30T02:18:07","guid":{"rendered":"https:\/\/www.europesays.com\/se\/150691\/"},"modified":"2026-01-30T02:18:07","modified_gmt":"2026-01-30T02:18:07","slug":"vincent-reimer-har-brutit-nacken-efter-tackling-av-daniel-ryttar","status":"publish","type":"post","link":"https:\/\/www.europesays.com\/se\/150691\/","title":{"rendered":"Vincent Reimer har brutit nacken efter tackling av Daniel Ryttar"},"content":{"rendered":"<p><strong>Den svenske hockeyspelaren Vincent Reimer har r\u00e5kat f\u00f6r en ot\u00e4ck skada i norska andraligan. <br \/>23-\u00e5ringen har f\u00e5tt en fraktur i nacken efter en tackling av landsmannen Dennis Ryttar. <\/strong><br \/><strong>\u201dHan har trots allt har haft tur eftersom det kunde ha g\u00e5tt mycket v\u00e4rre\u201d, uppger Gj\u00f8viks fysioterapeut Ida Ailin Hop till <a href=\"https:\/\/www.oa.no\/sendt-til-sykehus-med-hodeskade-i-hockeydrama\/s\/5-35-2219574\" rel=\"nofollow noopener\" target=\"_blank\">Oppland Arbeiderblad<\/a>.<\/strong><\/p>\n<p><img loading=\"lazy\" decoding=\"async\" width=\"1024\" height=\"658\" src=\"https:\/\/www.europesays.com\/se\/wp-content\/uploads\/2026\/01\/Vincent-Reimer-1024x658.webp.webp\" alt=\"Vincent Reimer.\" class=\"wp-image-351558\"  \/>Vincent Reimer, h\u00e4r under sin tid som junior i Malm\u00f6 Redhawks. <strong>Foto:<\/strong> Christian \u00d6rnberg\/Bildbyr\u00e5n<\/p>\n<p>I g\u00e5r kv\u00e4ll m\u00f6ttes Gj\u00f8vik Hockey och Ringerike f\u00f6r en toppmatch i den <a href=\"https:\/\/hockeysverige.se\/europeisk-hockey\" rel=\"nofollow noopener\" target=\"_blank\">norska andraligan<\/a>. Under matchen utspelade sig dock ot\u00e4cka scener n\u00e4r den svenske backen Daniel Ryttar delade ut en tuff tackling p\u00e5 landsmannen Vincent Reimer, rapporterar <a href=\"https:\/\/www.expressen.se\/sport\/hockey\/svensken-vincent-reimer-allvarligt-skadad-i-norge\/\" rel=\"nofollow noopener\" target=\"_blank\">Expressen<\/a> och h\u00e4nvisar vidare till Oppland Arbeiderblad.<\/p>\n<p>Reimer slog bakhuvudet i isen s\u00e5 h\u00e5rt att hj\u00e4lmen sprack och ambulans tillkallades. Han f\u00f6rdes till sjukhus d\u00e4r det konstaterades att Vincent Reimer brutit nacken. <\/p>\n<p>\u201dVincent s\u00e4ger att jag kan vidarebefordra att det r\u00f6r sig om en stabil fraktur i nacken, men att han trots allt har haft tur eftersom det kunde ha g\u00e5tt mycket v\u00e4rre. Vi inv\u00e4ntar mer information fr\u00e5n sjukhuset\u201d, skriver Gj\u00f8viks fysioterapeut Ida Ailin Hop i ett sms till Oppland Arbeiderblad. <\/p>\n<p>Klubben v\u00e4ntas ge ytterligare besked om Vincent Reimer och hans status l\u00e4ngre fram. <\/p>\n<p>Tr\u00e4narens ilska efter tacklingen p\u00e5 Vincent Reimer<\/p>\n<p>Daniel Ryttar fick en tv\u00e5minutersutvisning f\u00f6r tacklingen, vilket har f\u00e5tt Gj\u00f8viks tr\u00e4nare Anton S\u00e4ll Karlsson att reagera. Enligt honom borde Ryttar f\u00e5tt ett h\u00e5rdare straff \u00e4n bara tv\u00e5 minuter. <\/p>\n<p>\u2013 Det \u00e4r en ful tackling. Jag tycker att det \u00e4r ett matchstraff. Ryttar har gott om tid p\u00e5 sig att undvika, men han fullf\u00f6ljer. Det d\u00e4r \u00e4r en tackling som kan \u00f6del\u00e4gga en hel karri\u00e4r, s\u00e4ger tr\u00e4naren.<\/p>\n<p>Vincent Reimer har <a href=\"https:\/\/hockeysverige.se\/klubb\/leksands-if\" rel=\"nofollow noopener\" target=\"_blank\">Leksands IF<\/a> som moderklubb men spelade sedan juniorhockey i b\u00e5de <a href=\"https:\/\/hockeysverige.se\/klubb\/aik-hockey\" rel=\"nofollow noopener\" target=\"_blank\">AIK<\/a> och <a href=\"https:\/\/hockeysverige.se\/klubb\/malmo-redhawks\" rel=\"nofollow noopener\" target=\"_blank\">Malm\u00f6 Redhawks<\/a>. Han tillbringade sedan tre s\u00e4songer i Hockeyettan d\u00e4r Reimer spelade f\u00f6r Kallinge\/Ronneby, Mariestad och Bor\u00e5s. Inf\u00f6r \u00e5rets s\u00e4song flyttade han till norska Gj\u00f8vik Hockey och d\u00e4r har Vincent Reimer gjort stor succ\u00e9. Med 27 m\u00e5l p\u00e5 26 matcher leder Reimer skytteligan i norska andraligan \u00f6verl\u00e4gset, hela \u00e5tta m\u00e5l f\u00f6re tv\u00e5an. Hans 36 po\u00e4ng ger ocks\u00e5 en tredjeplats i po\u00e4ngligan. <\/p>\n<p>Daniel Ryttar har ett f\u00f6rflutet i Mora, V\u00e4sby och Nyn\u00e4shamn i Sverige. Backen flyttade dock till Norge 2016 och har spelat i Ringerike, d\u00e4r han \u00e4r lagkapten, \u00e4nda sedan dess. Ryttar \u00e4r po\u00e4ngb\u00e4st bland alla backar i norska andraligan den h\u00e4r s\u00e4songen med 31 po\u00e4ng p\u00e5 26 matcher. <\/p>\n<p> Source: <a href=\"https:\/\/www.eliteprospects.com\/player\/406457\/vincent-reimer\" target=\"_blank\" rel=\"noopener noreferrer nofollow\">Vincent Reimer<\/a> @ Elite Prospects<\/p>\n","protected":false},"excerpt":{"rendered":"Den svenske hockeyspelaren Vincent Reimer har r\u00e5kat f\u00f6r en ot\u00e4ck skada i norska andraligan. 23-\u00e5ringen har f\u00e5tt en&hellip;\n","protected":false},"author":2,"featured_media":150692,"comment_status":"","ping_status":"","sticky":false,"template":"","format":"standard","meta":{"footnotes":""},"categories":[68],"tags":[34,133,111,110,31,33,32,30],"class_list":{"0":"post-150691","1":"post","2":"type-post","3":"status-publish","4":"format-standard","5":"has-post-thumbnail","7":"category-sport","8":"tag-se","9":"tag-second-news","10":"tag-sport","11":"tag-sports","12":"tag-svenska","13":"tag-sverige","14":"tag-sweden","15":"tag-swedish"},"share_on_mastodon":{"url":"https:\/\/pubeurope.com\/@se\/115981654709220692","error":""},"_links":{"self":[{"href":"https:\/\/www.europesays.com\/se\/wp-json\/wp\/v2\/posts\/150691","targetHints":{"allow":["GET"]}}],"collection":[{"href":"https:\/\/www.europesays.com\/se\/wp-json\/wp\/v2\/posts"}],"about":[{"href":"https:\/\/www.europesays.com\/se\/wp-json\/wp\/v2\/types\/post"}],"author":[{"embeddable":true,"href":"https:\/\/www.europesays.com\/se\/wp-json\/wp\/v2\/users\/2"}],"replies":[{"embeddable":true,"href":"https:\/\/www.europesays.com\/se\/wp-json\/wp\/v2\/comments?post=150691"}],"version-history":[{"count":0,"href":"https:\/\/www.europesays.com\/se\/wp-json\/wp\/v2\/posts\/150691\/revisions"}],"wp:featuredmedia":[{"embeddable":true,"href":"https:\/\/www.europesays.com\/se\/wp-json\/wp\/v2\/media\/150692"}],"wp:attachment":[{"href":"https:\/\/www.europesays.com\/se\/wp-json\/wp\/v2\/media?parent=150691"}],"wp:term":[{"taxonomy":"category","embeddable":true,"href":"https:\/\/www.europesays.com\/se\/wp-json\/wp\/v2\/categories?post=150691"},{"taxonomy":"post_tag","embeddable":true,"href":"https:\/\/www.europesays.com\/se\/wp-json\/wp\/v2\/tags?post=150691"}],"curies":[{"name":"wp","href":"https:\/\/api.w.org\/{rel}","templated":true}]}}