{"id":150701,"date":"2026-01-30T02:34:10","date_gmt":"2026-01-30T02:34:10","guid":{"rendered":"https:\/\/www.europesays.com\/se\/150701\/"},"modified":"2026-01-30T02:34:10","modified_gmt":"2026-01-30T02:34:10","slug":"kruger-klev-av-oroande-uppgifter-om-josefson","status":"publish","type":"post","link":"https:\/\/www.europesays.com\/se\/150701\/","title":{"rendered":"Kr\u00fcger klev av \u2013 oroande uppgifter om Josefson"},"content":{"rendered":"<p class=\"\">Djurg\u00e5rden vann och tog tre po\u00e4ng borta mot R\u00f6gle efter en stark arbetsinsats och tillr\u00e4cklig effektivitet.<\/p>\n<p class=\"\">Victor Eklund gjorde 1\u20130 genom att styra ett skott fr\u00e5n Linus Klasen och sedan k\u00e4mpa in returen efter ett powerplay i b\u00f6rjan av andra perioden.<\/p>\n<p class=\"\">Ludvig Rensfeldt pricksk\u00f6t 2\u20130 i krysset \u2013 hans f\u00f6rsta m\u00e5l f\u00f6r s\u00e4songen i den 39:e matchen och p\u00e5 sin 34-\u00e5rsdag.<\/p>\n<p class=\"\">Joey LaLeggia satte matchvinnande 3\u20131 direkt inkommen fr\u00e5n utvisningsb\u00e5set p\u00e5 ett fril\u00e4ge.<\/p>\n<p class=\"\">Och l\u00e4ngs bak i m\u00e5let tog Magnus Hellberg 20 av 22 skott.<\/p>\n<p class=\"\">Men centerkrisen \u00e4r p\u00e5 v\u00e4g att bli akut.<\/p>\n<p>D\u00e5 kan Josefsons s\u00e4song vara \u00f6ver<\/p>\n<p class=\"\">Marcus Kr\u00fcger klev av, Oula Palve spelade inte och Jacob Josefsons s\u00e4song kan i v\u00e4rsta fall vara \u00f6ver.<\/p>\n<p class=\"\">Enligt uppgift \u00e4r operation aktuellt f\u00f6r att han ska bli kvitt den skada som har st\u00f6rt honom en l\u00e4ngre tid.<\/p>\n<p class=\"\">\u2013 Vi f\u00e5r se. Jag ska inte uttala mig alltf\u00f6r mycket. Jag vet inte exakt vad det slutgiltiga \u00e4r, men han \u00e4r inte spelklar nu i alla fall, s\u00e4ger Djurg\u00e5rdstr\u00e4naren Robert Kimby till Hockeynews.<\/p>\n<p class=\"\">34-\u00e5rige Josefson har f\u00f6rl\u00e4ngt sitt kontrakt med tv\u00e5 \u00e5r och blir en stor pusselbit \u00e4ven p\u00e5 l\u00e4ngre sikt. Han har nu missat tre matcher i rad.<\/p>\n<p class=\"\"><strong>St\u00e4mmer det att operation \u00e4r n\u00e5got som \u00f6verv\u00e4gs?<\/strong><\/p>\n<p class=\"\">\u2013 Ja, men jag ska inte st\u00e5 och ta det h\u00e4r. Vi f\u00e5r sl\u00e4ppa (informationen) n\u00e4r vi vet exakt vad som h\u00e4nder och hur l\u00e4get ser ut om man ska kalla det f\u00f6r det officiella, s\u00e4ger Kimby.<\/p>\n<p class=\"\">Med tio minuter kvar av matchen kolliderade Marcus Kr\u00fcger med R\u00f6gles Fredrik Olofsson. Kr\u00fcger tog sig till avbytarb\u00e4nken men grimaserade illa och gick sedan ut i omkl\u00e4dningsrummet och \u00e5terv\u00e4nde inte i matchen.<\/p>\n<p class=\"\">\u2013 Det \u00e4r mitt i en match och man t\u00e4nker inget annat \u00e4n att han inte kan spela vidare. F\u00f6rsta fr\u00e5gan blir, vem tar man in i n\u00e4sta byta s\u00e5 f\u00e5r vi ta det d\u00e4r sen, s\u00e4ger Kimby om Kr\u00fcger.<\/p>\n<p>Orden om Kr\u00fcger<\/p>\n<p class=\"\"><strong>Kommer Kr\u00fcger att unders\u00f6kas direkt ikv\u00e4ll?<\/strong><\/p>\n<p class=\"\">\u2013 Nej, nu f\u00e5r vi ta hand om kropparna och s\u00e5 f\u00e5r vi se hur det \u00e4r imorgon. \u00c4r det s\u00e5 att han inte kan tr\u00e4na s\u00e5 f\u00e5r vi ta det d\u00e4rifr\u00e5n. En dag i taget<\/p>\n<p class=\"\">Men Djurg\u00e5rden fick njuta p\u00e5 torsdagskv\u00e4llen av tre po\u00e4ng mot R\u00f6gle. Extra n\u00f6dv\u00e4ndigt efter en l\u00e4ngre tids problem att vinna matcher. Inte minst sedan HV71 p\u00e5 kvalplats tog tre po\u00e4ng efter vinst borta mot \u00d6rebro.<\/p>\n<p class=\"\">\u2013 S\u00e5 klart v\u00e4ldigt viktiga po\u00e4ng f\u00f6r oss och en sk\u00f6n seger. Vi har inte tagit s\u00e5 mycket po\u00e4ng p\u00e5 slutet. Att f\u00e5 komma hit och m\u00f6ta ett s\u00e5 pass bra lag som R\u00f6gle \u00e4r och f\u00e5 komma h\u00e4rifr\u00e5n med en trea \u00e4r s\u00e5 klart stort, s\u00e4ger Kimby.<\/p>\n<p class=\"\">\u2013 Jag gillar s\u00e4ttet hur vi kommer hit och v\u00e5r effort och v\u00e5r arbetsinsats. Det blir tajt i slutet, men jag \u00e4r glad att vi kan rida ut den. N\u00e5nstans ocks\u00e5 forts\u00e4tta bygga vidare p\u00e5 den anstr\u00e4ngning vi har haft p\u00e5 slutet.<\/p>\n<p>Kommentarer TopprankadeSenaste\u00c4ldstaTrendar<\/p>\n<p>Skaffa PLUS f\u00f6r att kommentera<\/p>\n<p>Med en aktiv PLUS-prenumeration kan du kommentera, svara p\u00e5 andra och gilla kommentarer.<\/p>\n<p><a class=\"btn-primary btn-small\" href=\"https:\/\/hockeynews.se\/plus\" rel=\"nofollow noopener\" target=\"_blank\">Skaffa PLUS<\/a><\/p>\n<p>Halva priset p\u00e5 TV4 Play Sport Hockey \u2013 <a class=\"text-yellow underline\" href=\"https:\/\/www.tv4play.se\/kampanj\/hockeynewshockey\" rel=\"nofollow noopener\" target=\"_blank\">f\u00e5 kod med Hockeynews h\u00e4r!<\/a> (Annons)<\/p>\n","protected":false},"excerpt":{"rendered":"Djurg\u00e5rden vann och tog tre po\u00e4ng borta mot R\u00f6gle efter en stark arbetsinsats och tillr\u00e4cklig effektivitet. Victor Eklund&hellip;\n","protected":false},"author":2,"featured_media":150702,"comment_status":"","ping_status":"","sticky":false,"template":"","format":"standard","meta":{"footnotes":""},"categories":[68],"tags":[34,111,110,31,33,32,30],"class_list":{"0":"post-150701","1":"post","2":"type-post","3":"status-publish","4":"format-standard","5":"has-post-thumbnail","7":"category-sport","8":"tag-se","9":"tag-sport","10":"tag-sports","11":"tag-svenska","12":"tag-sverige","13":"tag-sweden","14":"tag-swedish"},"share_on_mastodon":{"url":"https:\/\/pubeurope.com\/@se\/115981717586673500","error":""},"_links":{"self":[{"href":"https:\/\/www.europesays.com\/se\/wp-json\/wp\/v2\/posts\/150701","targetHints":{"allow":["GET"]}}],"collection":[{"href":"https:\/\/www.europesays.com\/se\/wp-json\/wp\/v2\/posts"}],"about":[{"href":"https:\/\/www.europesays.com\/se\/wp-json\/wp\/v2\/types\/post"}],"author":[{"embeddable":true,"href":"https:\/\/www.europesays.com\/se\/wp-json\/wp\/v2\/users\/2"}],"replies":[{"embeddable":true,"href":"https:\/\/www.europesays.com\/se\/wp-json\/wp\/v2\/comments?post=150701"}],"version-history":[{"count":0,"href":"https:\/\/www.europesays.com\/se\/wp-json\/wp\/v2\/posts\/150701\/revisions"}],"wp:featuredmedia":[{"embeddable":true,"href":"https:\/\/www.europesays.com\/se\/wp-json\/wp\/v2\/media\/150702"}],"wp:attachment":[{"href":"https:\/\/www.europesays.com\/se\/wp-json\/wp\/v2\/media?parent=150701"}],"wp:term":[{"taxonomy":"category","embeddable":true,"href":"https:\/\/www.europesays.com\/se\/wp-json\/wp\/v2\/categories?post=150701"},{"taxonomy":"post_tag","embeddable":true,"href":"https:\/\/www.europesays.com\/se\/wp-json\/wp\/v2\/tags?post=150701"}],"curies":[{"name":"wp","href":"https:\/\/api.w.org\/{rel}","templated":true}]}}