{"id":150719,"date":"2026-01-30T03:35:28","date_gmt":"2026-01-30T03:35:28","guid":{"rendered":"https:\/\/www.europesays.com\/se\/150719\/"},"modified":"2026-01-30T03:35:28","modified_gmt":"2026-01-30T03:35:28","slug":"29-januari-14-11-bedrageri-stockholms-lan-polisen-se","status":"publish","type":"post","link":"https:\/\/www.europesays.com\/se\/150719\/","title":{"rendered":"29 januari 14.11, Bedr\u00e4geri, Stockholms l\u00e4n &#8211; polisen.se"},"content":{"rendered":"<ol>\n<li><a href=\"https:\/\/news.google.com\/rss\/articles\/CBMinAFBVV95cUxPeVl0Vi15T0JIUDFaOUxJcTZEbm5SVndmVVlhWnA4TzV6QmhtdWFHa2pzS1hyejRhVXBxWWdOYnRnV1lqcU9XdWxiYVJjY0c2UGl3Z0gtZ1kwendRTExtZ1BhVGE4Rm5aTlB6cmhmVUNZeU5hQWNkMjZfQmtuV3pscDNUTllIN3VNUU00alN4RF9uc2xKUEZnWFJTUGs?oc=5\" target=\"_blank\" rel=\"nofollow noopener\">29 januari 14.11, Bedr\u00e4geri, Stockholms l\u00e4n<\/a>&nbsp;&nbsp;polisen.se<\/li>\n<li><a href=\"https:\/\/news.google.com\/rss\/articles\/CBMikwFBVV95cUxOVmZVblRZWklVRnd0bGdvMGZ4aGNCdFBTdXVuYzV1S2p2djRUMVBpLXB0ZlVRaGFuMkNOWHFnWk0zbnh0eWQxZDFaVlFsUVpqMnZYYlJHaHUtRlpuQkpVamc0elpOTmxEaFYxQ0g5Mk51NTdDdWpfWDlrTmRveXNGNllvQmg4UlpSc1ZKQlZDQkRhczg?oc=5\" target=\"_blank\" rel=\"nofollow noopener\">Ny v\u00e5g av \u00e4ldrebedr\u00e4gerier \u2013 90-\u00e5ring i f\u00f6rlorade 300 000<\/a>&nbsp;&nbsp;Sveriges Radio<\/li>\n<li><a href=\"https:\/\/news.google.com\/rss\/articles\/CBMiaEFVX3lxTE10TFNrcUtaOWpNMWwxdHA3VTJPd0RMRW9ubV9TN0ZmT01XcktfMmtvVm5OQnNWRzJXWk9QNXpsUFpNWjFmM3FmRG5JMllvdFN0ZDE3SnU2U0ZYY0V6V1FnTF8zeW02NWtw?oc=5\" target=\"_blank\" rel=\"nofollow noopener\">S\u00e5 stoppar du bedragaren<\/a>&nbsp;&nbsp;Senioren<\/li>\n<li><a href=\"https:\/\/news.google.com\/rss\/articles\/CBMipAFBVV95cUxOVTVCeXdiMmdacHZ0UnBVcy1rNklsZlBCNmFSRWs5QV9jdW5rZHA1a0JoU3ZkTnQ1UHBTTFg2QXU0RkxlVXUyZUhOdDlGd3RFN2NFYmhQblVvbG1OYjRqQldhd1R6NUhQNzRMRC1fblFPcU9GeDhUYXEyRXB3V0xkOEZHaUNkT2twazFJdUJYVlZsQ3lFTjUwYUJDZmctNHF0M2NkOA?oc=5\" target=\"_blank\" rel=\"nofollow noopener\">Par p\u00e5 Stora Essingen fick bes\u00f6k av Klarna-bedragare<\/a>&nbsp;&nbsp;mitti.se<\/li>\n<li><a href=\"https:\/\/news.google.com\/rss\/articles\/CBMikAFBVV95cUxObkFSZ1FpMUJMWEVORzk3dVZhSzV6ZUtyd2o2UWtrcTIzbVFsY1N3azd6TEt5M0JkSWFxUjJvbmJoRGNNTHMxRENoTVZFV01DUVlMekFvMEk4SS1SeFpTaUlzbTdyZFhfaWRUY0hrSGhidHE5U0lGeG40QlBPMk90Q0phOWtNTjdnMTBzNzVXX3U?oc=5\" target=\"_blank\" rel=\"nofollow noopener\">H\u00e4r \u00e4r bedragarnas senaste metod \u2013 s\u00e5 skyddar du dig<\/a>&nbsp;&nbsp;nwt.se<\/li>\n<\/ol>\n","protected":false},"excerpt":{"rendered":"29 januari 14.11, Bedr\u00e4geri, Stockholms l\u00e4n&nbsp;&nbsp;polisen.se Ny v\u00e5g av \u00e4ldrebedr\u00e4gerier \u2013 90-\u00e5ring i f\u00f6rlorade 300 000&nbsp;&nbsp;Sveriges Radio S\u00e5&hellip;\n","protected":false},"author":2,"featured_media":54,"comment_status":"","ping_status":"","sticky":false,"template":"","format":"standard","meta":{"footnotes":""},"categories":[12],"tags":[22,23,26,27,17,21,24,25,28,29,15,16,18,34,31,33,32,30,19,20],"class_list":{"0":"post-150719","1":"post","2":"type-post","3":"status-publish","4":"format-standard","5":"has-post-thumbnail","7":"category-sverige","8":"tag-breaking-news","9":"tag-breakingnews","10":"tag-featured-news","11":"tag-featurednews","12":"tag-headlines","13":"tag-huvudnyheter","14":"tag-latest-news","15":"tag-latestnews","16":"tag-main-news","17":"tag-mainnews","18":"tag-news","19":"tag-nyheter","20":"tag-rubriker","21":"tag-se","22":"tag-svenska","23":"tag-sverige","24":"tag-sweden","25":"tag-swedish","26":"tag-top-stories","27":"tag-topstories"},"share_on_mastodon":{"url":"https:\/\/pubeurope.com\/@se\/115981957438600775","error":""},"_links":{"self":[{"href":"https:\/\/www.europesays.com\/se\/wp-json\/wp\/v2\/posts\/150719","targetHints":{"allow":["GET"]}}],"collection":[{"href":"https:\/\/www.europesays.com\/se\/wp-json\/wp\/v2\/posts"}],"about":[{"href":"https:\/\/www.europesays.com\/se\/wp-json\/wp\/v2\/types\/post"}],"author":[{"embeddable":true,"href":"https:\/\/www.europesays.com\/se\/wp-json\/wp\/v2\/users\/2"}],"replies":[{"embeddable":true,"href":"https:\/\/www.europesays.com\/se\/wp-json\/wp\/v2\/comments?post=150719"}],"version-history":[{"count":0,"href":"https:\/\/www.europesays.com\/se\/wp-json\/wp\/v2\/posts\/150719\/revisions"}],"wp:featuredmedia":[{"embeddable":true,"href":"https:\/\/www.europesays.com\/se\/wp-json\/wp\/v2\/media\/54"}],"wp:attachment":[{"href":"https:\/\/www.europesays.com\/se\/wp-json\/wp\/v2\/media?parent=150719"}],"wp:term":[{"taxonomy":"category","embeddable":true,"href":"https:\/\/www.europesays.com\/se\/wp-json\/wp\/v2\/categories?post=150719"},{"taxonomy":"post_tag","embeddable":true,"href":"https:\/\/www.europesays.com\/se\/wp-json\/wp\/v2\/tags?post=150719"}],"curies":[{"name":"wp","href":"https:\/\/api.w.org\/{rel}","templated":true}]}}