{"id":150748,"date":"2026-01-30T05:12:12","date_gmt":"2026-01-30T05:12:12","guid":{"rendered":"https:\/\/www.europesays.com\/se\/150748\/"},"modified":"2026-01-30T05:12:12","modified_gmt":"2026-01-30T05:12:12","slug":"politikerna-vagrade-ta-emot-flyktingar-frias","status":"publish","type":"post","link":"https:\/\/www.europesays.com\/se\/150748\/","title":{"rendered":"Politikerna v\u00e4grade ta emot flyktingar \u2013 frias"},"content":{"rendered":"<p>Migrationsverket beslutade i mars 2022 att Staffanstorp skulle ta emot fyra kvotflyktingar fr\u00e5n ett utomeuropeiskt land. N\u00e5gra dagar senare beslutade kommunen p\u00e5 Sonessons f\u00f6rslag dock att stoppa mottagandet, vilket gjorde att en annan kommun fick ta emot flyktingarna n\u00e4r de anl\u00e4nde i maj.<\/p>\n<p>Staffanstorps kommun upph\u00e4vde sitt beslut senare samma \u00e5r. Men i h\u00f6stas \u00e5talades Christian Sonesson, som \u00e4r ordf\u00f6rande f\u00f6r kommunstyrelsen och \u00e4ven sitter i Moderaternas f\u00f6rbundsstyrelse, och fem andra politiker f\u00f6r misst\u00e4nkt tj\u00e4nstefel.<\/p>\n<p>Nu frik\u00e4nns samtliga av Lunds tingsr\u00e4tt.<\/p>\n<p>\u201dOrdf\u00f6randeskrivelsen och kommunstyrelsens beslut saknar den precision som kr\u00e4vs f\u00f6r att det ska vara myndighetsut\u00f6vning mot enskild, vilket \u00e4r en f\u00f6ruts\u00e4ttning om det ska kunna vara fr\u00e5ga om tj\u00e4nstefel\u201d, s\u00e4ger lagmannen Lennart Johansson, ordf\u00f6rande i tingsr\u00e4tten, i ett pressmeddelande.<\/p>\n<p><strong>Christian Sonessons advokat<\/strong> Lars Kruse v\u00e4lkomnar den friande domen mot politikerna.<\/p>\n<p>\u201dDe har haft dessa misstankar och \u00e5talet h\u00e4ngande \u00f6ver sig l\u00e4nge nog\u201d, skriver han i ett sms till TT.<\/p>\n<p>Enligt \u00e5klagare Magdalena Petersson \u00e4r det f\u00f6r tidigt att s\u00e4ga om hon kommer att \u00f6verklaga.<\/p>\n<p>\u2013 Jag m\u00e5ste f\u00f6rst l\u00e4sa domen mer noggrant och sedan se om det finns n\u00e5got att ta upp i en eventuell pr\u00f6vning i hovr\u00e4tten, s\u00e4ger hon.<\/p>\n","protected":false},"excerpt":{"rendered":"Migrationsverket beslutade i mars 2022 att Staffanstorp skulle ta emot fyra kvotflyktingar fr\u00e5n ett utomeuropeiskt land. N\u00e5gra dagar&hellip;\n","protected":false},"author":2,"featured_media":150749,"comment_status":"","ping_status":"","sticky":false,"template":"","format":"standard","meta":{"footnotes":""},"categories":[12],"tags":[22,23,26,27,17,21,24,25,28,29,15,16,18,34,31,33,32,30,19,20],"class_list":{"0":"post-150748","1":"post","2":"type-post","3":"status-publish","4":"format-standard","5":"has-post-thumbnail","7":"category-sverige","8":"tag-breaking-news","9":"tag-breakingnews","10":"tag-featured-news","11":"tag-featurednews","12":"tag-headlines","13":"tag-huvudnyheter","14":"tag-latest-news","15":"tag-latestnews","16":"tag-main-news","17":"tag-mainnews","18":"tag-news","19":"tag-nyheter","20":"tag-rubriker","21":"tag-se","22":"tag-svenska","23":"tag-sverige","24":"tag-sweden","25":"tag-swedish","26":"tag-top-stories","27":"tag-topstories"},"share_on_mastodon":{"url":"https:\/\/pubeurope.com\/@se\/115982338816484158","error":""},"_links":{"self":[{"href":"https:\/\/www.europesays.com\/se\/wp-json\/wp\/v2\/posts\/150748","targetHints":{"allow":["GET"]}}],"collection":[{"href":"https:\/\/www.europesays.com\/se\/wp-json\/wp\/v2\/posts"}],"about":[{"href":"https:\/\/www.europesays.com\/se\/wp-json\/wp\/v2\/types\/post"}],"author":[{"embeddable":true,"href":"https:\/\/www.europesays.com\/se\/wp-json\/wp\/v2\/users\/2"}],"replies":[{"embeddable":true,"href":"https:\/\/www.europesays.com\/se\/wp-json\/wp\/v2\/comments?post=150748"}],"version-history":[{"count":0,"href":"https:\/\/www.europesays.com\/se\/wp-json\/wp\/v2\/posts\/150748\/revisions"}],"wp:featuredmedia":[{"embeddable":true,"href":"https:\/\/www.europesays.com\/se\/wp-json\/wp\/v2\/media\/150749"}],"wp:attachment":[{"href":"https:\/\/www.europesays.com\/se\/wp-json\/wp\/v2\/media?parent=150748"}],"wp:term":[{"taxonomy":"category","embeddable":true,"href":"https:\/\/www.europesays.com\/se\/wp-json\/wp\/v2\/categories?post=150748"},{"taxonomy":"post_tag","embeddable":true,"href":"https:\/\/www.europesays.com\/se\/wp-json\/wp\/v2\/tags?post=150748"}],"curies":[{"name":"wp","href":"https:\/\/api.w.org\/{rel}","templated":true}]}}