{"id":150774,"date":"2026-01-30T05:51:13","date_gmt":"2026-01-30T05:51:13","guid":{"rendered":"https:\/\/www.europesays.com\/se\/150774\/"},"modified":"2026-01-30T05:51:13","modified_gmt":"2026-01-30T05:51:13","slug":"trumps-succeett-mycket-hartslag-mot-putin","status":"publish","type":"post","link":"https:\/\/www.europesays.com\/se\/150774\/","title":{"rendered":"Trumps succ\u00e9:\n\u201dEtt mycket h\u00e5rt\nslag\u201d mot Putin"},"content":{"rendered":"<p>Publicerad 30 jan 2026 kl 00.14Uppdaterad kl 06.25<\/p>\n<p><img   alt=\"\"\/><\/p>\n<p>Vladimir Putin.<\/p>\n<p>Foto: RUSSIAN FOREIGN MINISTRY&#8217;S OFFIC \/ STELLA PICTURES<\/p>\n<p>\u00d6ppna bild i helsk\u00e4rm<img loading=\"lazy\"   alt=\"\"\/><\/p>\n<p>Donald Trump.<\/p>\n<p>Foto: AARON SCHWARTZ &#8211; POOL VIA CNP \/ CNP \/ POLARIS POLARIS IMAGES<\/p>\n<p>\u00d6ppna bild i helsk\u00e4rm<\/p>\n<p>Lukoil, Rysslands st\u00f6rsta icke-statliga f\u00f6retag sett till oms\u00e4ttning, har utm\u00e4rkt sig bland de ryska energij\u00e4ttarna genom sin internationella n\u00e4rvaro. Men i oktober f\u00f6rra \u00e5ret inf\u00f6rde Trump-administrationen riktade sanktioner mot Lukoil och statskontrollerade bolaget Rosneft.<\/p>\n<p>USA:s finansminister Scott Bessent beskrev d\u00e5 Lukoil som en del av \u201dKremls krigsmaskin\u201d. Amerikanska finansdepartementet sade i ett skriftligt uttalande att \u00e5tg\u00e4rderna mot Lukoil \u201d\u00f6kar trycket p\u00e5 Rysslands energisektor och f\u00f6rsvagar Kremls f\u00f6rm\u00e5ga att samla in pengar till sin krigsmaskin\u201d.<\/p>\n<p>N\u00e4r Trump tillfr\u00e5gades om sanktionerna sade han:\u00a0<\/p>\n<p>\u2013 Jag k\u00e4nde bara att det var dags.<\/p>\n<p>Putins allierade Dmitrij Medvedev kallade sanktionerna \u201den krigshandling mot Ryssland\u201d.\u00a0<\/p>\n<p>\u201dMycket h\u00e5rt ekonomiskt slag\u201d<\/p>\n<p>Lukoil gick p\u00e5 torsdagen med p\u00e5 att s\u00e4lja sina utl\u00e4ndska tillg\u00e5ngar till ett amerikanskt investmentbolag. F\u00f6rs\u00e4ljningen, som ska vara v\u00e4rd omkring 194 miljarder kronor, \u201dkan inneb\u00e4ra ett mycket h\u00e5rt ekonomiskt slag\u201d mot Kreml, enligt Newsweek.<\/p>\n<p>Aff\u00e4ren beskrivs som \u201den tydlig indikation p\u00e5 att president Donald Trumps sanktioner mot Moskva b\u00f6rjar f\u00e5 effekt\u201d, enligt magasinet. Lukoils f\u00f6rs\u00e4ljning av sina utl\u00e4ndska tillg\u00e5ngar beskrivs som \u201dett betydande slag mot Rysslands skatteint\u00e4kter vid en tidpunkt d\u00e5 Kreml har minst r\u00e5d med det\u201d.<\/p>\n<p>Rysslands budget \u00e4r fortsatt starkt beroende av olje- och gasint\u00e4kter. Men f\u00f6rra veckan rapporterade Reuters att Rysslands int\u00e4kter fr\u00e5n skatter p\u00e5 olja och gas ber\u00e4knas falla med 46 procent denna m\u00e5nad j\u00e4mf\u00f6rt med samma period f\u00f6rra \u00e5ret, vilket skulle inneb\u00e4ra de l\u00e4gsta int\u00e4kterna sedan pandemin.<\/p>\n<p>Ukrainas president Volodymyr Zelenskyj betonade tidigare i veckan vikten av h\u00e5rdare sanktioner mot Moskva och menade att ytterligare ekonomisk press kr\u00e4vs f\u00f6r att tvinga Kreml till meningsfulla eftergifter. Lukoil-aff\u00e4ren \u00e4r \u201dett tydligt tecken p\u00e5 att han har r\u00e4tt\u201d, enligt Newsweek.<\/p>\n","protected":false},"excerpt":{"rendered":"Publicerad 30 jan 2026 kl 00.14Uppdaterad kl 06.25 Vladimir Putin. Foto: RUSSIAN FOREIGN MINISTRY&#8217;S OFFIC \/ STELLA PICTURES&hellip;\n","protected":false},"author":2,"featured_media":150775,"comment_status":"","ping_status":"","sticky":false,"template":"","format":"standard","meta":{"footnotes":""},"categories":[65],"tags":[72,70,71,34,55,31,33,32,30],"class_list":{"0":"post-150774","1":"post","2":"type-post","3":"status-publish","4":"format-standard","5":"has-post-thumbnail","7":"category-ekonomi","8":"tag-business","9":"tag-economy","10":"tag-ekonomi","11":"tag-se","12":"tag-sections-varlden","13":"tag-svenska","14":"tag-sverige","15":"tag-sweden","16":"tag-swedish"},"share_on_mastodon":{"url":"https:\/\/pubeurope.com\/@se\/115982492177448571","error":""},"_links":{"self":[{"href":"https:\/\/www.europesays.com\/se\/wp-json\/wp\/v2\/posts\/150774","targetHints":{"allow":["GET"]}}],"collection":[{"href":"https:\/\/www.europesays.com\/se\/wp-json\/wp\/v2\/posts"}],"about":[{"href":"https:\/\/www.europesays.com\/se\/wp-json\/wp\/v2\/types\/post"}],"author":[{"embeddable":true,"href":"https:\/\/www.europesays.com\/se\/wp-json\/wp\/v2\/users\/2"}],"replies":[{"embeddable":true,"href":"https:\/\/www.europesays.com\/se\/wp-json\/wp\/v2\/comments?post=150774"}],"version-history":[{"count":0,"href":"https:\/\/www.europesays.com\/se\/wp-json\/wp\/v2\/posts\/150774\/revisions"}],"wp:featuredmedia":[{"embeddable":true,"href":"https:\/\/www.europesays.com\/se\/wp-json\/wp\/v2\/media\/150775"}],"wp:attachment":[{"href":"https:\/\/www.europesays.com\/se\/wp-json\/wp\/v2\/media?parent=150774"}],"wp:term":[{"taxonomy":"category","embeddable":true,"href":"https:\/\/www.europesays.com\/se\/wp-json\/wp\/v2\/categories?post=150774"},{"taxonomy":"post_tag","embeddable":true,"href":"https:\/\/www.europesays.com\/se\/wp-json\/wp\/v2\/tags?post=150774"}],"curies":[{"name":"wp","href":"https:\/\/api.w.org\/{rel}","templated":true}]}}