{"id":150801,"date":"2026-01-30T06:26:22","date_gmt":"2026-01-30T06:26:22","guid":{"rendered":"https:\/\/www.europesays.com\/se\/150801\/"},"modified":"2026-01-30T06:26:22","modified_gmt":"2026-01-30T06:26:22","slug":"trumps-ilska-pa-fruns-premiar","status":"publish","type":"post","link":"https:\/\/www.europesays.com\/se\/150801\/","title":{"rendered":"Trumps ilska p\u00e5 fruns premi\u00e4r"},"content":{"rendered":"<p>Publicerad 30 jan 2026 kl 04.43Uppdaterad kl 07.23<\/p>\n<p><img   alt=\"\"\/><\/p>\n<p>Donald Trump och frun Melania p\u00e5 premi\u00e4ren.<\/p>\n<p>Foto: BRYAN DOZIER\/SHUTTERSTOCK \/ SHUTTERSTOCK EDITORIAL\/IBL<\/p>\n<p>\u00d6ppna bild i helsk\u00e4rm<img loading=\"lazy\"   alt=\"\"\/><\/p>\n<p>Donald Trump och frun Melania p\u00e5 premi\u00e4ren.<\/p>\n<p>Foto: ANDREW LEYDEN \/ STELLA PICTURES<\/p>\n<p>\u00d6ppna bild i helsk\u00e4rm<\/p>\n<p>Amazon, grundat av Jeff Bezos som \u00e4r en av v\u00e4rldens rikaste m\u00e4n, betalade 40 miljoner dollar f\u00f6r dokument\u00e4ren \u201dMelania\u201d om presidentfrun och kommer att spendera 35 miljoner dollar p\u00e5 marknadsf\u00f6ringskampanjen. Av detta g\u00e5r 28 miljoner dollar till Melania Trump sj\u00e4lv, enligt <a href=\"https:\/\/www.wsj.com\/politics\/elections\/trump-family-election-cash-bonanza-2f5f8714?mod=hp_lead_pos7\" rel=\"nofollow noopener\" target=\"_blank\">Wall Street Journal<\/a>.<\/p>\n<p><a href=\"https:\/\/www.expressen.se\/tagg\/person\/melania-trump\/\" class=\"\" rel=\"nofollow noopener\" target=\"_blank\">Melania Trump<\/a> har beskrivit dokument\u00e4ren som \u201dvacker, k\u00e4nslosam, moderiktig och filmisk\u201d.<\/p>\n<p>\u2013 Jag \u00e4r v\u00e4ldigt stolt \u00f6ver den, s\u00e4ger Melania Trump.<\/p>\n<p>\u201dJag \u00e4r inte inblandad\u201d<\/p>\n<p>Dokument\u00e4ren hade premi\u00e4r under torsdagskv\u00e4llen p\u00e5 det nyligen omd\u00f6pta Trump Kennedy Center i Washington DC. President Donald Trump gick p\u00e5 r\u00f6da mattan med sin fru.<\/p>\n<p>Men han uppskattade inte n\u00e4r en New York Times-journalist fr\u00e5gade honom om dokument\u00e4ren var \u201dett exempel p\u00e5 f\u00f6retagskorruption eller ett f\u00f6rs\u00f6k av Jeff Bezos att vinna hans gunst\u201d. Trump \u201davf\u00e4rdade ilsket\u201d detta och sade:<\/p>\n<p>\u2013 Jag \u00e4r inte inblandad.<\/p>\n<p>Parets son var inte d\u00e4r<\/p>\n<p>Trumps dotter Tiffany och son Don Jr n\u00e4rvarade vid premi\u00e4ren, liksom krigsminister Pete Hegseth, h\u00e4lsominister Robert Kennedy Jr, utbildningsminister Linda McMahon, handelsminister Doug Burgum och talmannen Mike Johnson.\u00a0<\/p>\n<p>Presidentens \u00f6vriga barn Barron (hans enda barn med Melania), Ivanka och Eric var dock inte d\u00e4r. Barron ska ha sett dokument\u00e4ren under en visning i Vita huset i helgen. En talesperson f\u00f6r Eric Trump och hans fru Lara sade att paret \u201d\u00e4r oerh\u00f6rt stolta \u00f6ver USA:s f\u00f6rsta dam och den anm\u00e4rkningsv\u00e4rda ber\u00e4ttelsen som delas\u201d.<\/p>\n","protected":false},"excerpt":{"rendered":"Publicerad 30 jan 2026 kl 04.43Uppdaterad kl 07.23 Donald Trump och frun Melania p\u00e5 premi\u00e4ren. Foto: BRYAN DOZIER\/SHUTTERSTOCK&hellip;\n","protected":false},"author":2,"featured_media":150802,"comment_status":"","ping_status":"","sticky":false,"template":"","format":"standard","meta":{"footnotes":""},"categories":[5],"tags":[22,23,26,27,17,21,24,25,28,29,15,16,198,197,18,34,55,31,33,32,30,19,204,20],"class_list":{"0":"post-150801","1":"post","2":"type-post","3":"status-publish","4":"format-standard","5":"has-post-thumbnail","7":"category-rubriker","8":"tag-breaking-news","9":"tag-breakingnews","10":"tag-featured-news","11":"tag-featurednews","12":"tag-headlines","13":"tag-huvudnyheter","14":"tag-latest-news","15":"tag-latestnews","16":"tag-main-news","17":"tag-mainnews","18":"tag-news","19":"tag-nyheter","20":"tag-person-donald-trump","21":"tag-person-melania-trump","22":"tag-rubriker","23":"tag-se","24":"tag-sections-varlden","25":"tag-svenska","26":"tag-sverige","27":"tag-sweden","28":"tag-swedish","29":"tag-top-stories","30":"tag-topic-amerikansk-politik","31":"tag-topstories"},"share_on_mastodon":{"url":"https:\/\/pubeurope.com\/@se\/115982629816364843","error":""},"_links":{"self":[{"href":"https:\/\/www.europesays.com\/se\/wp-json\/wp\/v2\/posts\/150801","targetHints":{"allow":["GET"]}}],"collection":[{"href":"https:\/\/www.europesays.com\/se\/wp-json\/wp\/v2\/posts"}],"about":[{"href":"https:\/\/www.europesays.com\/se\/wp-json\/wp\/v2\/types\/post"}],"author":[{"embeddable":true,"href":"https:\/\/www.europesays.com\/se\/wp-json\/wp\/v2\/users\/2"}],"replies":[{"embeddable":true,"href":"https:\/\/www.europesays.com\/se\/wp-json\/wp\/v2\/comments?post=150801"}],"version-history":[{"count":0,"href":"https:\/\/www.europesays.com\/se\/wp-json\/wp\/v2\/posts\/150801\/revisions"}],"wp:featuredmedia":[{"embeddable":true,"href":"https:\/\/www.europesays.com\/se\/wp-json\/wp\/v2\/media\/150802"}],"wp:attachment":[{"href":"https:\/\/www.europesays.com\/se\/wp-json\/wp\/v2\/media?parent=150801"}],"wp:term":[{"taxonomy":"category","embeddable":true,"href":"https:\/\/www.europesays.com\/se\/wp-json\/wp\/v2\/categories?post=150801"},{"taxonomy":"post_tag","embeddable":true,"href":"https:\/\/www.europesays.com\/se\/wp-json\/wp\/v2\/tags?post=150801"}],"curies":[{"name":"wp","href":"https:\/\/api.w.org\/{rel}","templated":true}]}}