{"id":150815,"date":"2026-01-30T06:43:27","date_gmt":"2026-01-30T06:43:27","guid":{"rendered":"https:\/\/www.europesays.com\/se\/150815\/"},"modified":"2026-01-30T06:43:27","modified_gmt":"2026-01-30T06:43:27","slug":"viktigaste-nyheterna-pa-tre-minuter-9","status":"publish","type":"post","link":"https:\/\/www.europesays.com\/se\/150815\/","title":{"rendered":"Viktigaste nyheterna p\u00e5 tre minuter"},"content":{"rendered":"<p>Ett 30-tal norska barn rekryterades av kriminella g\u00e4ng f\u00f6rra \u00e5ret, rapporterar NRK. <\/p>\n<p>Enligt polisen kan pojkar s\u00e5 unga som 12 \u00e5r gamla kopplas till v\u00e5ldsd\u00e5d p\u00e5 best\u00e4llning av svenska Foxtrotn\u00e4tverket. <\/p>\n<p>Innan barnen blev brottsmisst\u00e4nkta hade minst 16 av dem varit i kontakt med den norska socialtj\u00e4nsten. Tolv av dem bodde p\u00e5 en institution n\u00e4r det h\u00e4nde. <\/p>\n<p>Arbetsmarknadsminister Johan Britz (L) \u00e4r \u201dv\u00e4ldigt uppr\u00f6rd\u201d efter larmen om arbetsmilj\u00f6n p\u00e5 Br\u00f6d &amp; Salt. Det rapporterar TV4 Nyheterna.<\/p>\n<p>Britz s\u00e4ger att \u201darbetsgivaren m\u00e5ste sk\u00e4rpa sig och ta ansvaret\u201d f\u00f6r sina unga medarbetares arbetssituation.<\/p>\n<p>\u2013 Jag vill ju att alla ska k\u00e4nna att det f\u00f6rsta jobbet \u00e4r n\u00e5got man minns med gl\u00e4dje.<\/p>\n<p>Ett barn i l\u00e5gstadie\u00e5ldern var ensamt hemma n\u00e4r en brand br\u00f6t ut i l\u00e4genheten i M\u00e4rsta norr om Stockholm. D\u00e5 r\u00e4ddade en av grannarna barnet.<\/p>\n<p>\u2013 En granne krossade rutan och fick ut barnet, s\u00e4ger polisens presstalesperson Daniel Wikdahl. <\/p>\n<p>F\u00f6r\u00e4ldrarna till barnet kom hem under r\u00e4ddningsinsatsen. <\/p>\n<p>Tv\u00e5 m\u00e5nader efter sitt tilltr\u00e4de inf\u00f6rde Donald Trump tullar mot alla v\u00e4rldens l\u00e4nder \u2013 ett dr\u00e5pslag mot v\u00e4rldshandeln, hette det.<\/p>\n<p>I geng\u00e4ld har EU nu p\u00e5 kort tid gjort klart tv\u00e5 stora frihandelsavtal.<\/p>\n<p>Men \u00e4r det s\u00e5 enkelt som att frihandelsv\u00e4nnerna har Trump att tacka f\u00f6r allt?<\/p>\n<p>Isbj\u00f6rnarna p\u00e5 norska Svalbard har blivit fetare och mer h\u00e4lsosamma \u00e4n de varit sedan 1990-talet, trots att isarna sm\u00e4lter. Det rapporterar BBC.<\/p>\n<p>Forskare har m\u00e4tt l\u00e4ngden och vikten p\u00e5 770 vuxna isbj\u00f6rnar p\u00e5 Svalbard mellan 1992 och 2019. Eftersom de blivit tjockare med \u00e5ren, tror nu forskarna att bj\u00f6rnarna b\u00f6rjat anpassa sig efter det nya klimatet p\u00e5 \u00f6n. <\/p>\n<p>Bland annat tror de att isbj\u00f6rnarna livn\u00e4r sig p\u00e5 landlevande byten.<\/p>\n<p><a target=\"_blank\" rel=\"noreferrer nofollow noopener\" href=\"https:\/\/www.bbc.com\/news\/articles\/cx2l1xpz03no\" class=\"Text_externalLink__zdh8y\">L\u00e4s mer hos BBC. <\/a><\/p>\n<p>Omni \u00e4r politiskt obundna och oberoende. Vi str\u00e4var efter att ge fler perspektiv p\u00e5 nyheterna. Har du fr\u00e5gor eller synpunkter kring v\u00e5r rapportering? <a href=\"https:\/\/omni.se\/viktigaste-nyheterna-pa-tre-minuter\/a\/mailto:redaktion@omni.se\" class=\"ArticleActions_contactLink__W2F1M\" rel=\"nofollow noopener\" target=\"_blank\">Kontakta redaktionen<\/a><\/p>\n","protected":false},"excerpt":{"rendered":"Ett 30-tal norska barn rekryterades av kriminella g\u00e4ng f\u00f6rra \u00e5ret, rapporterar NRK. Enligt polisen kan pojkar s\u00e5 unga&hellip;\n","protected":false},"author":2,"featured_media":150816,"comment_status":"","ping_status":"","sticky":false,"template":"","format":"standard","meta":{"footnotes":"","_share_on_mastodon":"0"},"categories":[5],"tags":[22,23,26,27,17,21,24,25,28,29,700,15,16,18,34,31,33,32,30,19,20],"class_list":["post-150815","post","type-post","status-publish","format-standard","has-post-thumbnail","category-rubriker","tag-breaking-news","tag-breakingnews","tag-featured-news","tag-featurednews","tag-headlines","tag-huvudnyheter","tag-latest-news","tag-latestnews","tag-main-news","tag-mainnews","tag-morgonsvepet","tag-news","tag-nyheter","tag-rubriker","tag-se","tag-svenska","tag-sverige","tag-sweden","tag-swedish","tag-top-stories","tag-topstories"],"share_on_mastodon":{"url":"https:\/\/pubeurope.com\/@se\/115982696607360825","error":""},"_links":{"self":[{"href":"https:\/\/www.europesays.com\/se\/wp-json\/wp\/v2\/posts\/150815","targetHints":{"allow":["GET"]}}],"collection":[{"href":"https:\/\/www.europesays.com\/se\/wp-json\/wp\/v2\/posts"}],"about":[{"href":"https:\/\/www.europesays.com\/se\/wp-json\/wp\/v2\/types\/post"}],"author":[{"embeddable":true,"href":"https:\/\/www.europesays.com\/se\/wp-json\/wp\/v2\/users\/2"}],"replies":[{"embeddable":true,"href":"https:\/\/www.europesays.com\/se\/wp-json\/wp\/v2\/comments?post=150815"}],"version-history":[{"count":0,"href":"https:\/\/www.europesays.com\/se\/wp-json\/wp\/v2\/posts\/150815\/revisions"}],"wp:featuredmedia":[{"embeddable":true,"href":"https:\/\/www.europesays.com\/se\/wp-json\/wp\/v2\/media\/150816"}],"wp:attachment":[{"href":"https:\/\/www.europesays.com\/se\/wp-json\/wp\/v2\/media?parent=150815"}],"wp:term":[{"taxonomy":"category","embeddable":true,"href":"https:\/\/www.europesays.com\/se\/wp-json\/wp\/v2\/categories?post=150815"},{"taxonomy":"post_tag","embeddable":true,"href":"https:\/\/www.europesays.com\/se\/wp-json\/wp\/v2\/tags?post=150815"}],"curies":[{"name":"wp","href":"https:\/\/api.w.org\/{rel}","templated":true}]}}