{"id":15104,"date":"2025-08-27T14:53:11","date_gmt":"2025-08-27T14:53:11","guid":{"rendered":"https:\/\/www.europesays.com\/se\/15104\/"},"modified":"2025-08-27T14:53:11","modified_gmt":"2025-08-27T14:53:11","slug":"ica-lidl-och-axfood-aterkallar-agg-risk-for-salmonella","status":"publish","type":"post","link":"https:\/\/www.europesays.com\/se\/15104\/","title":{"rendered":"Ica, Lidl och Axfood \u00e5terkallar \u00e4gg \u2013 risk f\u00f6r salmonella"},"content":{"rendered":"<p>Publicerad 27 aug 2025 kl 15.38Uppdaterad kl 16.49<\/p>\n<p>Flera matbutiker \u00e5terkallar \u00e4gg.<\/p>\n<p>Orsaken \u00e4r att det finns risk f\u00f6r salmonella, efter att producenten har uppt\u00e4ckt salmonella d\u00e4r \u00e4ggen har v\u00e4rpts.<\/p>\n<p><img   alt=\"\"\/><\/p>\n<p>Flera matbutiker \u00e5terkallar \u00e4gg efter salmonellalarm.<\/p>\n<p>Foto: PATRIK \u00d6STERBERG \/ STELLA PICTURES<\/p>\n<p>\u00d6ppna bild i helsk\u00e4rm<\/p>\n<p>P\u00e5 onsdagen \u00e5terkallar flera stora livsmedelskedjor \u00e4gg. Det r\u00f6r sig om <a href=\"https:\/\/www.expressen.se\/tagg\/organization\/ica\/\" class=\"\" rel=\"nofollow noopener\" target=\"_blank\">Ica<\/a>, Lidl och Axfood som \u00e4ger Hemk\u00f6p, Tempo och Citygross.<\/p>\n<p>Ica skriver i ett pressmeddelande att \u00e4ggen \u00e5terkallas \u201dsom en f\u00f6rsiktighets\u00e5tg\u00e4rd\u201d. Detta efter att leverant\u00f6ren av \u00e4ggen under en rutinkontroll har uppt\u00e4ckt salmonella i ett av de stall d\u00e4r \u00e4ggen har v\u00e4rpts.<\/p>\n<p>Ica om salmonellalarmet: \u201dAllvarligt\u201d<\/p>\n<p>\u201dVarorna kan inneb\u00e4ra en h\u00e4lsofara men vid upphettning till 70 grader d\u00f6r salmonellabakterien\u201d, skriver Ica.<\/p>\n<p>\u2212 P\u00e5 Ica g\u00f6r vi noggranna kvalitetskontroller av alla v\u00e5ra egna produkter. Vi ser allvarligt p\u00e5 det intr\u00e4ffade och utreder nu tillsammans med leverant\u00f6ren hur detta kunnat ske och hur vi s\u00e4kerst\u00e4ller att det inte h\u00e4nder igen, s\u00e4ger Niklas War\u00e9n, kvalitetschef p\u00e5 Ica Sverige, i en kommentar.<\/p>\n<p>Hos Ica r\u00f6r det sig om Ica \u00e4gg frig\u00e5ende 10-pack med b\u00e4st f\u00f6re-datum 31-08-2025, 08-09-2025 samt 09-09-2025, och Ica \u00e4gg frig\u00e5ende 12-pack med b\u00e4st f\u00f6re-datum 05-09-2025 och 10-09-2025. \u00c4ggen har packerinummer SE 007 tryckt p\u00e5 f\u00f6rpackningarna och kod 2SE684-35 p\u00e5 \u00e4ggen.<\/p>\n<p>Kunder som har k\u00f6pt \u00e4ggen uppmanas l\u00e4mna tillbaka dem till den butik de \u00e4r k\u00f6pta i, eller reklamera online alternativt via kundtj\u00e4nst.<\/p>\n<p>Axfood \u00e5terkallar \u00e4gg<\/p>\n<p>\u00c4ven <a href=\"https:\/\/www.expressen.se\/ekonomi\/agg-aterkallas-kan-innehalla-salmonella\/\" rel=\"nofollow noopener\" target=\"_blank\">Axfood \u00e5terkallar \u00e4gg<\/a> p\u00e5 grund av risk f\u00f6r salmonella. Det r\u00f6r sig om:<\/p>\n<p> Garant \u00e4gg, frig\u00e5ende inomhus medium 6-pack, b\u00e4st f\u00f6re-datum 2025-09-05, \u00e4ggkod: 2SE684-35, packerikod: SE007.<\/p>\n<p> Garant \u00e4gg, frig\u00e5ende inomhus medium 15-pack, b\u00e4st f\u00f6re-datum 2025-08-31, \u00e4ggkod: 2SE684-35, packerikod: SE007.<\/p>\n<p> Garant \u00e4gg, frig\u00e5ende inomhus large 10-pack, b\u00e4st f\u00f6re-datum 2025-08-31, \u00e4ggkod: 2SE684-35, packerikod: SE007.<\/p>\n<p>Lidl utreder vad som h\u00e4nt<\/p>\n<p>Ocks\u00e5 Lidl \u00e5terkallar \u00e4gg, av samma anledning. Bolaget skriver i ett pressmeddelande:<\/p>\n<p>\u201dInga \u00e4gg har bekr\u00e4ftats med smitta, men som f\u00f6rsiktighets\u00e5tg\u00e4rd s\u00e5 \u00e5terkallas nu \u00e4gg fr\u00e5n aktuell producent.\u201d<\/p>\n<p>Hos Lidl r\u00f6r det sig om \u00e4gg fr\u00e5n frig\u00e5ende h\u00f6ns inomhus med f\u00f6rpackningsstorlek 24-pack medium, 15-pack medium, 12-pack large och 6-pack large. \u00c4ggen har b\u00e4st-f\u00f6re-datum till och med 11-09-2025 och \u00e4r st\u00e4mplade med 2SE684-35, medan f\u00f6rpackningarna \u00e4r m\u00e4rkta med packerinummer SE 007.<\/p>\n<p>\u201dLidl Sverige beklagar och ser allvarligt p\u00e5 det intr\u00e4ffade. Vi utreder \u00e4rendet tillsammans med leverant\u00f6ren och myndigheter\u201d, skriver Lidl.<\/p>\n<p>Ber\u00f6rda kunder kan l\u00e4mna tillbaka \u00e4ggen i n\u00e4rmaste butik.<\/p>\n","protected":false},"excerpt":{"rendered":"Publicerad 27 aug 2025 kl 15.38Uppdaterad kl 16.49 Flera matbutiker \u00e5terkallar \u00e4gg. Orsaken \u00e4r att det finns risk&hellip;\n","protected":false},"author":2,"featured_media":15105,"comment_status":"","ping_status":"","sticky":false,"template":"","format":"standard","meta":{"footnotes":""},"categories":[5],"tags":[22,23,26,27,17,21,24,25,28,29,15,16,1949,1950,987,1948,18,34,154,31,33,32,30,19,990,145,20],"class_list":{"0":"post-15104","1":"post","2":"type-post","3":"status-publish","4":"format-standard","5":"has-post-thumbnail","7":"category-rubriker","8":"tag-breaking-news","9":"tag-breakingnews","10":"tag-featured-news","11":"tag-featurednews","12":"tag-headlines","13":"tag-huvudnyheter","14":"tag-latest-news","15":"tag-latestnews","16":"tag-main-news","17":"tag-mainnews","18":"tag-news","19":"tag-nyheter","20":"tag-organization-axfood","21":"tag-organization-hemkop","22":"tag-organization-ica","23":"tag-organization-lidl","24":"tag-rubriker","25":"tag-se","26":"tag-sections-sverige","27":"tag-svenska","28":"tag-sverige","29":"tag-sweden","30":"tag-swedish","31":"tag-top-stories","32":"tag-topic-livsmedel","33":"tag-topic-mat-dryck","34":"tag-topstories"},"share_on_mastodon":{"url":"","error":""},"_links":{"self":[{"href":"https:\/\/www.europesays.com\/se\/wp-json\/wp\/v2\/posts\/15104","targetHints":{"allow":["GET"]}}],"collection":[{"href":"https:\/\/www.europesays.com\/se\/wp-json\/wp\/v2\/posts"}],"about":[{"href":"https:\/\/www.europesays.com\/se\/wp-json\/wp\/v2\/types\/post"}],"author":[{"embeddable":true,"href":"https:\/\/www.europesays.com\/se\/wp-json\/wp\/v2\/users\/2"}],"replies":[{"embeddable":true,"href":"https:\/\/www.europesays.com\/se\/wp-json\/wp\/v2\/comments?post=15104"}],"version-history":[{"count":0,"href":"https:\/\/www.europesays.com\/se\/wp-json\/wp\/v2\/posts\/15104\/revisions"}],"wp:featuredmedia":[{"embeddable":true,"href":"https:\/\/www.europesays.com\/se\/wp-json\/wp\/v2\/media\/15105"}],"wp:attachment":[{"href":"https:\/\/www.europesays.com\/se\/wp-json\/wp\/v2\/media?parent=15104"}],"wp:term":[{"taxonomy":"category","embeddable":true,"href":"https:\/\/www.europesays.com\/se\/wp-json\/wp\/v2\/categories?post=15104"},{"taxonomy":"post_tag","embeddable":true,"href":"https:\/\/www.europesays.com\/se\/wp-json\/wp\/v2\/tags?post=15104"}],"curies":[{"name":"wp","href":"https:\/\/api.w.org\/{rel}","templated":true}]}}