{"id":15106,"date":"2025-08-27T14:55:19","date_gmt":"2025-08-27T14:55:19","guid":{"rendered":"https:\/\/www.europesays.com\/se\/15106\/"},"modified":"2025-08-27T14:55:19","modified_gmt":"2025-08-27T14:55:19","slug":"porto-visar-intresse-for-otto-rosengren","status":"publish","type":"post","link":"https:\/\/www.europesays.com\/se\/15106\/","title":{"rendered":"Porto visar intresse f\u00f6r Otto Rosengren"},"content":{"rendered":"<p><strong><a href=\"https:\/\/fotbolldirekt.se\/spelare\/otto-rosengren\/\" rel=\"nofollow noopener\" target=\"_blank\">Otto Rosengren<\/a> drar till sig intresse.<br \/>Och det \u00e4r inte fr\u00e5n vilken klubb som helst.<br \/>Den portugisiska storklubben Porto uppges f\u00f6lja <a href=\"https:\/\/fotbolldirekt.se\/klubb\/malmo-ff\/\" rel=\"nofollow noopener\" target=\"_blank\">MFF<\/a>-mittf\u00e4ltaren. <\/strong><\/p>\n<p>Otto Rosengren har varit s\u00e5 gott som given i Malm\u00f6 FF den h\u00e4r s\u00e4songen, men fr\u00e5gan \u00e4r hur l\u00e4nge till MFF f\u00e5r beh\u00e5lla mittf\u00e4ltaren.<br \/>Rosengren b\u00f6rjar n\u00e4mligen dra till sig intresse.<\/p>\n<p>SIC Not\u00edcias\u00a0rapporterar n\u00e4mligen att Porto har koll p\u00e5 svensken. <\/p>\n<p>Rosengren s\u00e4gs vara en av flera mittf\u00e4ltare som klubben visar intresse f\u00f6r. <\/p>\n<p>22-\u00e5ringen har kontrakt med Malm\u00f6 FF \u00f6ver s\u00e4songen 2027. <\/p>\n<p><a href=\"https:\/\/fotbolldirekt.se\/silly-season\/avslojar-planen-vill-se-honom-pa-plats-i-sverige\/\" rel=\"nofollow noopener\" target=\"_blank\">Tidigare i sommar har FD \u00e4ven kunnat ber\u00e4tta<\/a> om bland annat intresse fr\u00e5n Como f\u00f6r Rosengren. <\/p>\n","protected":false},"excerpt":{"rendered":"Otto Rosengren drar till sig intresse.Och det \u00e4r inte fr\u00e5n vilken klubb som helst.Den portugisiska storklubben Porto uppges&hellip;\n","protected":false},"author":2,"featured_media":15107,"comment_status":"","ping_status":"","sticky":false,"template":"","format":"standard","meta":{"footnotes":""},"categories":[68],"tags":[353,34,111,110,31,33,32,30],"class_list":{"0":"post-15106","1":"post","2":"type-post","3":"status-publish","4":"format-standard","5":"has-post-thumbnail","7":"category-sport","8":"tag-forsta-trean","9":"tag-se","10":"tag-sport","11":"tag-sports","12":"tag-svenska","13":"tag-sverige","14":"tag-sweden","15":"tag-swedish"},"share_on_mastodon":{"url":"","error":""},"_links":{"self":[{"href":"https:\/\/www.europesays.com\/se\/wp-json\/wp\/v2\/posts\/15106","targetHints":{"allow":["GET"]}}],"collection":[{"href":"https:\/\/www.europesays.com\/se\/wp-json\/wp\/v2\/posts"}],"about":[{"href":"https:\/\/www.europesays.com\/se\/wp-json\/wp\/v2\/types\/post"}],"author":[{"embeddable":true,"href":"https:\/\/www.europesays.com\/se\/wp-json\/wp\/v2\/users\/2"}],"replies":[{"embeddable":true,"href":"https:\/\/www.europesays.com\/se\/wp-json\/wp\/v2\/comments?post=15106"}],"version-history":[{"count":0,"href":"https:\/\/www.europesays.com\/se\/wp-json\/wp\/v2\/posts\/15106\/revisions"}],"wp:featuredmedia":[{"embeddable":true,"href":"https:\/\/www.europesays.com\/se\/wp-json\/wp\/v2\/media\/15107"}],"wp:attachment":[{"href":"https:\/\/www.europesays.com\/se\/wp-json\/wp\/v2\/media?parent=15106"}],"wp:term":[{"taxonomy":"category","embeddable":true,"href":"https:\/\/www.europesays.com\/se\/wp-json\/wp\/v2\/categories?post=15106"},{"taxonomy":"post_tag","embeddable":true,"href":"https:\/\/www.europesays.com\/se\/wp-json\/wp\/v2\/tags?post=15106"}],"curies":[{"name":"wp","href":"https:\/\/api.w.org\/{rel}","templated":true}]}}