{"id":151081,"date":"2026-01-30T11:06:08","date_gmt":"2026-01-30T11:06:08","guid":{"rendered":"https:\/\/www.europesays.com\/se\/151081\/"},"modified":"2026-01-30T11:06:08","modified_gmt":"2026-01-30T11:06:08","slug":"trumps-ilska-ger-starmer-lurig-balansgang","status":"publish","type":"post","link":"https:\/\/www.europesays.com\/se\/151081\/","title":{"rendered":"Trumps ilska ger Starmer lurig balansg\u00e5ng"},"content":{"rendered":"<p>Den brittiske premi\u00e4rministern Keir Starmers Kinabes\u00f6k och nya handelsavtal \u00e4r Kinas senaste vinst \u00f6ver USA, skriver Reuters i en analys. I ljuset av Trumps \u201dkaotiska\u201d tullpolitik f\u00f6rs\u00f6ker Peking m\u00e5la ut sig sj\u00e4lvt som en trygg och p\u00e5litlig partner.<\/p>\n<p>F\u00f6rra veckan f\u00f6rdjupade \u00e4ven Kanadas premi\u00e4rminister Mark Carney handelsf\u00f6rbindelserna med Kina. Men aff\u00e4rerna retar Donald Trump och s\u00e4tter fingret p\u00e5 vilken balansg\u00e5ng m\u00e5nga l\u00e4nder vandrar i relation till stormakterna.<\/p>\n<p>Under Kinaresan lyckades Keir Starmer egentligen balansera ganska v\u00e4l, men det var \u00e4nd\u00e5 Donald Trumps ilska som skapade rubriker, skriver Sky News korrespondent Mhari Aurora. N\u00e4r Starmer \u00e5terv\u00e4nder kommer han skryta om \u201dl\u00e5gt h\u00e4ngande frukt\u201d som visumfria resor och reglerade tullsatser, men fr\u00e5gan \u00e4r \u00e4nd\u00e5 om det var v\u00e4rt att reta upp Trump, skriver hon.<\/p>\n<p>\u201dDet \u00e4r en p\u00e5minnelse till Starmer om att han m\u00e5ste hitta ett s\u00e4tt att h\u00e5lla den s\u00e4rskilda relationen i fr\u00e4msta rummet n\u00e4r han f\u00f6rhandlar med Kina.\u201d<\/p>\n<p>Omni \u00e4r politiskt obundna och oberoende. Vi str\u00e4var efter att ge fler perspektiv p\u00e5 nyheterna. Har du fr\u00e5gor eller synpunkter kring v\u00e5r rapportering? <a href=\"https:\/\/omni.se\/analyser-trumps-ilska-ger-starmer-lurig-balansgang\/a\/mailto:redaktion@omni.se\" class=\"ArticleActions_contactLink__W2F1M\" rel=\"nofollow noopener\" target=\"_blank\">Kontakta redaktionen<\/a><\/p>\n","protected":false},"excerpt":{"rendered":"Den brittiske premi\u00e4rministern Keir Starmers Kinabes\u00f6k och nya handelsavtal \u00e4r Kinas senaste vinst \u00f6ver USA, skriver Reuters i&hellip;\n","protected":false},"author":2,"featured_media":151082,"comment_status":"","ping_status":"","sticky":false,"template":"","format":"standard","meta":{"footnotes":"","_share_on_mastodon":"0"},"categories":[65],"tags":[420,72,385,70,71,267,1108,259,549,4971,34,593,31,33,32,30,2223],"class_list":["post-151081","post","type-post","status-publish","format-standard","has-post-thumbnail","category-ekonomi","tag-asien","tag-business","tag-donald-trump","tag-economy","tag-ekonomi","tag-europa","tag-internationell-handel","tag-keir-starmer","tag-kina","tag-mark-carney","tag-se","tag-storbritannien","tag-svenska","tag-sverige","tag-sweden","tag-swedish","tag-xi-jinping"],"share_on_mastodon":{"url":"https:\/\/pubeurope.com\/@se\/115983730703510919","error":""},"_links":{"self":[{"href":"https:\/\/www.europesays.com\/se\/wp-json\/wp\/v2\/posts\/151081","targetHints":{"allow":["GET"]}}],"collection":[{"href":"https:\/\/www.europesays.com\/se\/wp-json\/wp\/v2\/posts"}],"about":[{"href":"https:\/\/www.europesays.com\/se\/wp-json\/wp\/v2\/types\/post"}],"author":[{"embeddable":true,"href":"https:\/\/www.europesays.com\/se\/wp-json\/wp\/v2\/users\/2"}],"replies":[{"embeddable":true,"href":"https:\/\/www.europesays.com\/se\/wp-json\/wp\/v2\/comments?post=151081"}],"version-history":[{"count":0,"href":"https:\/\/www.europesays.com\/se\/wp-json\/wp\/v2\/posts\/151081\/revisions"}],"wp:featuredmedia":[{"embeddable":true,"href":"https:\/\/www.europesays.com\/se\/wp-json\/wp\/v2\/media\/151082"}],"wp:attachment":[{"href":"https:\/\/www.europesays.com\/se\/wp-json\/wp\/v2\/media?parent=151081"}],"wp:term":[{"taxonomy":"category","embeddable":true,"href":"https:\/\/www.europesays.com\/se\/wp-json\/wp\/v2\/categories?post=151081"},{"taxonomy":"post_tag","embeddable":true,"href":"https:\/\/www.europesays.com\/se\/wp-json\/wp\/v2\/tags?post=151081"}],"curies":[{"name":"wp","href":"https:\/\/api.w.org\/{rel}","templated":true}]}}