{"id":15113,"date":"2025-08-27T15:01:28","date_gmt":"2025-08-27T15:01:28","guid":{"rendered":"https:\/\/www.europesays.com\/se\/15113\/"},"modified":"2025-08-27T15:01:28","modified_gmt":"2025-08-27T15:01:28","slug":"klubblos-lindelof-missar-vm-kvalet-han-ar-upprord-omni","status":"publish","type":"post","link":"https:\/\/www.europesays.com\/se\/15113\/","title":{"rendered":"Klubbl\u00f6s Lindel\u00f6f missar VM-kvalet: \u201dHan \u00e4r uppr\u00f6rd\u201d &#8211; Omni"},"content":{"rendered":"<ol>\n<li><a href=\"https:\/\/news.google.com\/rss\/articles\/CBMif0FVX3lxTE0tNW1hRnlheVQ2ZE05YWJLUEVZcWhlSGtrSl9kU3Ryb1U3NUNDRFBEa3pqQlhyVi1XZHhaVWFCQmQxVFBodVlCQTgwRXhyR05TOVZFQWRnWXFGUUR0S29hZDEyUkRiSW8tb3l0TWE3SEJNYkpOaHdCTFUzU0s0aUE?oc=5\" target=\"_blank\" rel=\"nofollow noopener\">Klubbl\u00f6s Lindel\u00f6f missar VM-kvalet: \u201dHan \u00e4r uppr\u00f6rd\u201d<\/a>&nbsp;&nbsp;Omni<\/li>\n<li><a href=\"https:\/\/news.google.com\/rss\/articles\/CBMiuAFBVV95cUxPbXFGTHNGUTkzNGFxbW8yUkhQTVRtOEZLelNSZHJodWEzUWFTRmJuOUd4Y0p5UEJvTi1Janh3U0JQeFFrTHF5dHdWRVhzT19MRzVtX0lELXI0bEg0dDN4TFVqOUF2MUtLM0h5OTdIVl9oT3RaUTZSU0dxS1RZeXZ1bUFkMlY5LVdUZVVzemI2cmZfTkcxbVhtZ3ZyNlotcTFoMUh1ZjUzWHF4dGliaTl2REZDbHlVUE5G?oc=5\" target=\"_blank\" rel=\"nofollow noopener\">Lindel\u00f6f missar f\u00f6rsta VM-kvalmatcherna<\/a>&nbsp;&nbsp;Aftonbladet<\/li>\n<li><a href=\"https:\/\/news.google.com\/rss\/articles\/CBMiswFBVV95cUxOYWJyM2RiX2YwbXEyWm94VmEzUnU3UTFmNHp5U3lBb3ZIbWZVaFI2MER1ZmEyNDRsMXVWOHBJQUNRcEl3eXh3ZE5SOW9FOHRST2dzUzFNTEQ1X1NtY2VUWVM5MVVrUHhaa2VFZ25vN2M5ek9jYlVyaGtaS1ZUbG1GRHBrejI0cXVZamFDZzRHZnFIU25sRjk0N040MFlvUVZrQWFNbEg4RjdDZVhKYU9venhFWQ?oc=5\" target=\"_blank\" rel=\"nofollow noopener\">Sj\u00e4lvklara ledaren kommer att saknas<\/a>&nbsp;&nbsp;SvD<\/li>\n<li><a href=\"https:\/\/news.google.com\/rss\/articles\/CBMijgFBVV95cUxObHNnMGJRTVhTY2NfSHJBM04xR2VDTmxxb1dnRUZEdEdwUHU0by1ITHB0TmE1TFJZaEVzUUwwcEJzS3BvaUNFajg4TE13ZG5nRHlnZmZqaW1iSHZnRGlRYURwWkF6cjVONFFDcjFpR2h3T25vaG90REhldzByQ0F6aXZCdXliUkZncmtSRzNR?oc=5\" target=\"_blank\" rel=\"nofollow noopener\">Fotboll: Lindel\u00f6f utanf\u00f6r truppen: \u201dHan \u00e4r uppr\u00f6rd\u201d<\/a>&nbsp;&nbsp;SVT Nyheter<\/li>\n<li><a href=\"https:\/\/news.google.com\/rss\/articles\/CBMikAFBVV95cUxPYVZBOGR5WUNDdVQtNFVVbkY5bTRod3JxNWg0UGFSQ2hUSTlxcFQ1MFAwendPZXozZTVVejR6RVVJYlA0X3JKcS1vVmtCd2tMTEdycHRnZm83LXA4LXBFVm84ODRnRUs3cjhYUkJqSWZLRHRXLU5ndUlVV2I1YkZhWlAwaTZ3aXB5OGxoVG1fVFI?oc=5\" target=\"_blank\" rel=\"nofollow noopener\">Alexander Isak med i VM-kvaltruppen \u2013 Lindel\u00f6f petas<\/a>&nbsp;&nbsp;Sveriges Radio<\/li>\n<\/ol>\n","protected":false},"excerpt":{"rendered":"Klubbl\u00f6s Lindel\u00f6f missar VM-kvalet: \u201dHan \u00e4r uppr\u00f6rd\u201d&nbsp;&nbsp;Omni Lindel\u00f6f missar f\u00f6rsta VM-kvalmatcherna&nbsp;&nbsp;Aftonbladet Sj\u00e4lvklara ledaren kommer att saknas&nbsp;&nbsp;SvD Fotboll: Lindel\u00f6f&hellip;\n","protected":false},"author":2,"featured_media":15114,"comment_status":"","ping_status":"","sticky":false,"template":"","format":"standard","meta":{"footnotes":""},"categories":[5],"tags":[22,23,26,27,138,17,1196,21,1194,24,25,28,29,15,16,18,34,31,33,32,30,19,20,1951],"class_list":{"0":"post-15113","1":"post","2":"type-post","3":"status-publish","4":"format-standard","5":"has-post-thumbnail","7":"category-rubriker","8":"tag-breaking-news","9":"tag-breakingnews","10":"tag-featured-news","11":"tag-featurednews","12":"tag-fotboll","13":"tag-headlines","14":"tag-herrlandslaget-i-fotboll","15":"tag-huvudnyheter","16":"tag-jon-dahl-tomasson","17":"tag-latest-news","18":"tag-latestnews","19":"tag-main-news","20":"tag-mainnews","21":"tag-news","22":"tag-nyheter","23":"tag-rubriker","24":"tag-se","25":"tag-svenska","26":"tag-sverige","27":"tag-sweden","28":"tag-swedish","29":"tag-top-stories","30":"tag-topstories","31":"tag-victor-nilsson-lindelof"},"share_on_mastodon":{"url":"","error":""},"_links":{"self":[{"href":"https:\/\/www.europesays.com\/se\/wp-json\/wp\/v2\/posts\/15113","targetHints":{"allow":["GET"]}}],"collection":[{"href":"https:\/\/www.europesays.com\/se\/wp-json\/wp\/v2\/posts"}],"about":[{"href":"https:\/\/www.europesays.com\/se\/wp-json\/wp\/v2\/types\/post"}],"author":[{"embeddable":true,"href":"https:\/\/www.europesays.com\/se\/wp-json\/wp\/v2\/users\/2"}],"replies":[{"embeddable":true,"href":"https:\/\/www.europesays.com\/se\/wp-json\/wp\/v2\/comments?post=15113"}],"version-history":[{"count":0,"href":"https:\/\/www.europesays.com\/se\/wp-json\/wp\/v2\/posts\/15113\/revisions"}],"wp:featuredmedia":[{"embeddable":true,"href":"https:\/\/www.europesays.com\/se\/wp-json\/wp\/v2\/media\/15114"}],"wp:attachment":[{"href":"https:\/\/www.europesays.com\/se\/wp-json\/wp\/v2\/media?parent=15113"}],"wp:term":[{"taxonomy":"category","embeddable":true,"href":"https:\/\/www.europesays.com\/se\/wp-json\/wp\/v2\/categories?post=15113"},{"taxonomy":"post_tag","embeddable":true,"href":"https:\/\/www.europesays.com\/se\/wp-json\/wp\/v2\/tags?post=15113"}],"curies":[{"name":"wp","href":"https:\/\/api.w.org\/{rel}","templated":true}]}}