{"id":15117,"date":"2025-08-27T15:14:13","date_gmt":"2025-08-27T15:14:13","guid":{"rendered":"https:\/\/www.europesays.com\/se\/15117\/"},"modified":"2025-08-27T15:14:13","modified_gmt":"2025-08-27T15:14:13","slug":"tva-skjutna-i-bil-norr-om-stockholm","status":"publish","type":"post","link":"https:\/\/www.europesays.com\/se\/15117\/","title":{"rendered":"Tv\u00e5 skjutna i bil norr om Stockholm"},"content":{"rendered":"<p>Publicerad 27 aug 2025 kl 04.15Uppdaterad kl 10.32<\/p>\n<p>Tv\u00e5 m\u00e4n i 20-\u00e5rs\u00e5ldern har skjutits i en bil vid en skola i J\u00e4rf\u00e4lla kommun norr om Stockholm natten mot onsdag.<\/p>\n<p>Polisen utreder nu mordf\u00f6rs\u00f6k och grovt vapenbrott.<\/p>\n<p>\u2013 Jag h\u00f6rde skott, jag tror att det var fem eller sex, s\u00e4ger en person som bor i omr\u00e5det.\u00a0<\/p>\n<p>Senaste nyhetsklippen fr\u00e5n Expressen.<img   alt=\"\"\/> <\/p>\n<p>Foto: Janne \u00c5kesson\/Swepix<\/p>\n<p>\u00d6ppna bild i helsk\u00e4rm<img loading=\"lazy\"   alt=\"\"\/> <\/p>\n<p>Foto: Janne \u00c5kesson\/Swepix<\/p>\n<p>\u00d6ppna bild i helsk\u00e4rm<img loading=\"lazy\"   alt=\"\"\/> <\/p>\n<p>Foto: Janne \u00c5kesson\/Swepix<\/p>\n<p>\u00d6ppna bild i helsk\u00e4rm<\/p>\n<p>M\u00e4nnen satt i en bil vid en skola n\u00e4r de besk\u00f6ts. En stor polisinsats drog i g\u00e5ng och polisen sp\u00e4rrade sedan av ett omr\u00e5de vid en bensinmack i Viksj\u00f6.<\/p>\n<p>Bilder fr\u00e5n platsen visar en personbil innanf\u00f6r avsp\u00e4rrningarna och m\u00e5nga polisbilar.<\/p>\n<p>\u2013 Vi fick samtal vid kvart i tre att personer hade h\u00f6rt flera sm\u00e4llar. N\u00e5gon har skjutit mot en bil och tv\u00e5 m\u00e4n i 20-\u00e5rs\u00e5ldern har skadats, s\u00e4ger polisens presstalesperson Nadya Norton.<\/p>\n<p>M\u00e4nnen har inte livshotade skador. En av dem har f\u00f6rts till sjukhus med ambulans.<\/p>\n<p>\u2013 Vi har kunnat prata med dem, s\u00e4ger Nadya Norton.<\/p>\n<p>En f\u00f6runders\u00f6kning g\u00e4llande f\u00f6rs\u00f6k till mord och grovt vapenbrott har inletts.<\/p>\n<p>\u2013 Vi har kontrollerat personer men just nu \u00e4r ingen gripen, s\u00e4ger Nadya Norton.<\/p>\n<p>\u201dH\u00f6rde skott\u201d\u00a0<\/p>\n<p>En man som bor i n\u00e4rheten av skolan h\u00f6rde sm\u00e4llarna under natten.<\/p>\n<p>\u2013\u00a0Jag h\u00f6rde skott, jag tror att det var fem eller sex. Jag \u00f6ppnade f\u00f6nstret och h\u00f6rde n\u00e5gra r\u00f6ster, men sen inget mer, s\u00e4ger han.<\/p>\n<p>Boende i omr\u00e5det beskriver det som ett lugnt bostadsomr\u00e5de. En mamma som precis l\u00e4mnat sitt barn p\u00e5 f\u00f6rskolan s\u00e4ger att skottlossningen g\u00f6r henne orolig.<\/p>\n<p>\u2013 Det k\u00e4nns obehagligt, det blev s\u00e5 n\u00e4ra. Jag kommer definitivt inte l\u00e5ta mina barn vara ute n\u00e4r det \u00e4r m\u00f6rkt, s\u00e4ger hon.<\/p>\n<p>En tv\u00e5barnsmamma som bor precis vid macken s\u00e4ger:\u00a0<\/p>\n<p>\u2013 Det \u00e4r j\u00e4tteobehagligt, det kryper verkligen n\u00e4rmare. Jag har barn och vill inte att de ska vara ute och k\u00f6ra sparkcykel ensamma.\u00a0<\/p>\n<p>Andra d\u00e5det i J\u00e4rf\u00e4lla samma vecka\u00a0<\/p>\n<p>Tv\u00e5 m\u00e4n sk\u00f6ts ihj\u00e4l i en bil i Kallh\u00e4ll i <a href=\"https:\/\/www.expressen.se\/tagg\/location\/jarfalla-kommun\/\" class=\"\" rel=\"nofollow noopener\" target=\"_blank\">J\u00e4rf\u00e4lla kommun<\/a> natten mot m\u00e5ndag.<\/p>\n<p>\u2013 Det \u00e4r f\u00f6r tidigt att svara p\u00e5 om det finns n\u00e5got samband, s\u00e4ger Nadya Norton.<\/p>\n<p><img alt=\"\"\/>Ljudklippet gick inte att spela upp<\/p>\n<p>F\u00f6rs\u00f6k igen senare<\/p>\n","protected":false},"excerpt":{"rendered":"Publicerad 27 aug 2025 kl 04.15Uppdaterad kl 10.32 Tv\u00e5 m\u00e4n i 20-\u00e5rs\u00e5ldern har skjutits i en bil vid&hellip;\n","protected":false},"author":2,"featured_media":15118,"comment_status":"","ping_status":"","sticky":false,"template":"","format":"standard","meta":{"footnotes":""},"categories":[5],"tags":[22,23,26,27,17,21,24,25,1952,1881,28,29,15,16,18,34,666,31,33,32,30,19,897,436,20],"class_list":{"0":"post-15117","1":"post","2":"type-post","3":"status-publish","4":"format-standard","5":"has-post-thumbnail","7":"category-rubriker","8":"tag-breaking-news","9":"tag-breakingnews","10":"tag-featured-news","11":"tag-featurednews","12":"tag-headlines","13":"tag-huvudnyheter","14":"tag-latest-news","15":"tag-latestnews","16":"tag-location-jarfalla","17":"tag-location-jarfalla-kommun","18":"tag-main-news","19":"tag-mainnews","20":"tag-news","21":"tag-nyheter","22":"tag-rubriker","23":"tag-se","24":"tag-sections-krim","25":"tag-svenska","26":"tag-sverige","27":"tag-sweden","28":"tag-swedish","29":"tag-top-stories","30":"tag-topic-skottlossning","31":"tag-topic-valdsbrott-mord","32":"tag-topstories"},"share_on_mastodon":{"url":"","error":""},"_links":{"self":[{"href":"https:\/\/www.europesays.com\/se\/wp-json\/wp\/v2\/posts\/15117","targetHints":{"allow":["GET"]}}],"collection":[{"href":"https:\/\/www.europesays.com\/se\/wp-json\/wp\/v2\/posts"}],"about":[{"href":"https:\/\/www.europesays.com\/se\/wp-json\/wp\/v2\/types\/post"}],"author":[{"embeddable":true,"href":"https:\/\/www.europesays.com\/se\/wp-json\/wp\/v2\/users\/2"}],"replies":[{"embeddable":true,"href":"https:\/\/www.europesays.com\/se\/wp-json\/wp\/v2\/comments?post=15117"}],"version-history":[{"count":0,"href":"https:\/\/www.europesays.com\/se\/wp-json\/wp\/v2\/posts\/15117\/revisions"}],"wp:featuredmedia":[{"embeddable":true,"href":"https:\/\/www.europesays.com\/se\/wp-json\/wp\/v2\/media\/15118"}],"wp:attachment":[{"href":"https:\/\/www.europesays.com\/se\/wp-json\/wp\/v2\/media?parent=15117"}],"wp:term":[{"taxonomy":"category","embeddable":true,"href":"https:\/\/www.europesays.com\/se\/wp-json\/wp\/v2\/categories?post=15117"},{"taxonomy":"post_tag","embeddable":true,"href":"https:\/\/www.europesays.com\/se\/wp-json\/wp\/v2\/tags?post=15117"}],"curies":[{"name":"wp","href":"https:\/\/api.w.org\/{rel}","templated":true}]}}