{"id":151197,"date":"2026-01-30T12:31:08","date_gmt":"2026-01-30T12:31:08","guid":{"rendered":"https:\/\/www.europesays.com\/se\/151197\/"},"modified":"2026-01-30T12:31:08","modified_gmt":"2026-01-30T12:31:08","slug":"skottlossning-vid-gymnasieskola-i-oslo","status":"publish","type":"post","link":"https:\/\/www.europesays.com\/se\/151197\/","title":{"rendered":"Skottlossning vid gymnasieskola i Oslo"},"content":{"rendered":"<p>\u2013 Vi s\u00f6ker efter en person som har l\u00e4mnat platsen. Vi misst\u00e4nker att han ligger bakom skjutningen och s\u00f6ker med m\u00e5nga patruller i omr\u00e5det, s\u00e4ger insatsledaren Rune Hekkelstrand vid Oslo polisdistrikt till NTB.<\/p>\n<p>Polisen ryckte ut till skolan vid 12.30-tiden p\u00e5 fredagen efter larm om att en person setts med vapen i omr\u00e5det. Ingen person uppges vara skadad men det ska ha befunnit sig flera personer i omr\u00e5det n\u00e4r h\u00e4ndelsen intr\u00e4ffade. Polisen arbetar med att s\u00e4kra vittnesuppgifter.<\/p>\n","protected":false},"excerpt":{"rendered":"\u2013 Vi s\u00f6ker efter en person som har l\u00e4mnat platsen. Vi misst\u00e4nker att han ligger bakom skjutningen och&hellip;\n","protected":false},"author":2,"featured_media":151198,"comment_status":"","ping_status":"","sticky":false,"template":"","format":"standard","meta":{"footnotes":""},"categories":[5],"tags":[22,23,26,27,17,21,24,25,28,29,15,16,18,34,31,33,32,30,19,20],"class_list":{"0":"post-151197","1":"post","2":"type-post","3":"status-publish","4":"format-standard","5":"has-post-thumbnail","7":"category-rubriker","8":"tag-breaking-news","9":"tag-breakingnews","10":"tag-featured-news","11":"tag-featurednews","12":"tag-headlines","13":"tag-huvudnyheter","14":"tag-latest-news","15":"tag-latestnews","16":"tag-main-news","17":"tag-mainnews","18":"tag-news","19":"tag-nyheter","20":"tag-rubriker","21":"tag-se","22":"tag-svenska","23":"tag-sverige","24":"tag-sweden","25":"tag-swedish","26":"tag-top-stories","27":"tag-topstories"},"share_on_mastodon":{"url":"https:\/\/pubeurope.com\/@se\/115984065003072398","error":""},"_links":{"self":[{"href":"https:\/\/www.europesays.com\/se\/wp-json\/wp\/v2\/posts\/151197","targetHints":{"allow":["GET"]}}],"collection":[{"href":"https:\/\/www.europesays.com\/se\/wp-json\/wp\/v2\/posts"}],"about":[{"href":"https:\/\/www.europesays.com\/se\/wp-json\/wp\/v2\/types\/post"}],"author":[{"embeddable":true,"href":"https:\/\/www.europesays.com\/se\/wp-json\/wp\/v2\/users\/2"}],"replies":[{"embeddable":true,"href":"https:\/\/www.europesays.com\/se\/wp-json\/wp\/v2\/comments?post=151197"}],"version-history":[{"count":0,"href":"https:\/\/www.europesays.com\/se\/wp-json\/wp\/v2\/posts\/151197\/revisions"}],"wp:featuredmedia":[{"embeddable":true,"href":"https:\/\/www.europesays.com\/se\/wp-json\/wp\/v2\/media\/151198"}],"wp:attachment":[{"href":"https:\/\/www.europesays.com\/se\/wp-json\/wp\/v2\/media?parent=151197"}],"wp:term":[{"taxonomy":"category","embeddable":true,"href":"https:\/\/www.europesays.com\/se\/wp-json\/wp\/v2\/categories?post=151197"},{"taxonomy":"post_tag","embeddable":true,"href":"https:\/\/www.europesays.com\/se\/wp-json\/wp\/v2\/tags?post=151197"}],"curies":[{"name":"wp","href":"https:\/\/api.w.org\/{rel}","templated":true}]}}