{"id":151205,"date":"2026-01-30T12:39:08","date_gmt":"2026-01-30T12:39:08","guid":{"rendered":"https:\/\/www.europesays.com\/se\/151205\/"},"modified":"2026-01-30T12:39:08","modified_gmt":"2026-01-30T12:39:08","slug":"terrorklassning-kommer-att-sta-europa-dyrt","status":"publish","type":"post","link":"https:\/\/www.europesays.com\/se\/151205\/","title":{"rendered":"Terrorklassning kommer att st\u00e5 Europa dyrt"},"content":{"rendered":"<p>share-arrowDela<\/p>\n<p>unsaveSpara<\/p>\n<p>expand-left<\/p>\n<p>helsk\u00e4rm<img decoding=\"async\" class=\"image-asset hyperion-css-u06ts1\" data-test-tag=\"image-asset\" src=\"https:\/\/www.europesays.com\/se\/wp-content\/uploads\/2026\/01\/c81ad81f-313d-4104-baa9-ba0cc2d9cebe.jpeg\"  alt=\"Chefsdomaren Gholamhossein Mohseni Ejei (till v\u00e4nster) tillsammans med president Masoud Pezeshkian under den senares installationsceremoni i Teheran 2024.\"  loading=\"eager\" fetchpriority=\"high\" style=\"aspect-ratio:1900 \/ 1267\"\/>Chefsdomaren Gholamhossein Mohseni Ejei (till v\u00e4nster) tillsammans med president Masoud Pezeshkian under den senares installationsceremoni i Teheran 2024. Foto: Vahid Salemi\/AP\/TT<\/p>\n<p class=\"hyperion-css-1shl3oz\" data-test-tag=\"lead-text\">I torsdags enades EU:s medlemsl\u00e4nder om att terrorst\u00e4mpla Irans revolutionsgarde. Nu varnar h\u00f6gste chefen f\u00f6r Irans domstolsv\u00e4sende f\u00f6r att beslutet kommer att st\u00e5 Europa dyrt.<\/p>\n<p class=\"hyperion-css-1v9qo5x\">\u2013 Det r\u00e5der inget tvivel om att europ\u00e9ernas fientliga handling, att st\u00e4mpla revolutionsgardet som en terrororganisation, inte kommer att g\u00e5 obem\u00e4rkt f\u00f6rbi, s\u00e4ger chefsdomaren Gholamhossein Mohseni Ejei enligt statlig tv.<\/p>\n<p class=\"hyperion-css-1v9qo5x\">\u2013 De kommer att f\u00e5 ta konsekvenserna av sitt d\u00e5raktiga beslut.<\/p>\n<p class=\"hyperion-css-1v9qo5x\">Det m\u00e4ktiga revolutionsgardet \u00e4r en separat del av Irans milit\u00e4r som bildades efter islamiska revolutionen 1979 f\u00f6r att skydda den religi\u00f6sa regimen.<\/p>\n","protected":false},"excerpt":{"rendered":"share-arrowDela unsaveSpara expand-left helsk\u00e4rmChefsdomaren Gholamhossein Mohseni Ejei (till v\u00e4nster) tillsammans med president Masoud Pezeshkian under den senares installationsceremoni&hellip;\n","protected":false},"author":2,"featured_media":151206,"comment_status":"","ping_status":"","sticky":false,"template":"","format":"standard","meta":{"footnotes":""},"categories":[5],"tags":[22,23,26,27,17,21,24,25,28,29,15,16,18,34,31,33,32,30,19,20],"class_list":{"0":"post-151205","1":"post","2":"type-post","3":"status-publish","4":"format-standard","5":"has-post-thumbnail","7":"category-rubriker","8":"tag-breaking-news","9":"tag-breakingnews","10":"tag-featured-news","11":"tag-featurednews","12":"tag-headlines","13":"tag-huvudnyheter","14":"tag-latest-news","15":"tag-latestnews","16":"tag-main-news","17":"tag-mainnews","18":"tag-news","19":"tag-nyheter","20":"tag-rubriker","21":"tag-se","22":"tag-svenska","23":"tag-sverige","24":"tag-sweden","25":"tag-swedish","26":"tag-top-stories","27":"tag-topstories"},"share_on_mastodon":{"url":"https:\/\/pubeurope.com\/@se\/115984096492545195","error":""},"_links":{"self":[{"href":"https:\/\/www.europesays.com\/se\/wp-json\/wp\/v2\/posts\/151205","targetHints":{"allow":["GET"]}}],"collection":[{"href":"https:\/\/www.europesays.com\/se\/wp-json\/wp\/v2\/posts"}],"about":[{"href":"https:\/\/www.europesays.com\/se\/wp-json\/wp\/v2\/types\/post"}],"author":[{"embeddable":true,"href":"https:\/\/www.europesays.com\/se\/wp-json\/wp\/v2\/users\/2"}],"replies":[{"embeddable":true,"href":"https:\/\/www.europesays.com\/se\/wp-json\/wp\/v2\/comments?post=151205"}],"version-history":[{"count":0,"href":"https:\/\/www.europesays.com\/se\/wp-json\/wp\/v2\/posts\/151205\/revisions"}],"wp:featuredmedia":[{"embeddable":true,"href":"https:\/\/www.europesays.com\/se\/wp-json\/wp\/v2\/media\/151206"}],"wp:attachment":[{"href":"https:\/\/www.europesays.com\/se\/wp-json\/wp\/v2\/media?parent=151205"}],"wp:term":[{"taxonomy":"category","embeddable":true,"href":"https:\/\/www.europesays.com\/se\/wp-json\/wp\/v2\/categories?post=151205"},{"taxonomy":"post_tag","embeddable":true,"href":"https:\/\/www.europesays.com\/se\/wp-json\/wp\/v2\/tags?post=151205"}],"curies":[{"name":"wp","href":"https:\/\/api.w.org\/{rel}","templated":true}]}}