{"id":151216,"date":"2026-01-30T12:47:15","date_gmt":"2026-01-30T12:47:15","guid":{"rendered":"https:\/\/www.europesays.com\/se\/151216\/"},"modified":"2026-01-30T12:47:15","modified_gmt":"2026-01-30T12:47:15","slug":"tre-personer-misstanks-efter-dodlig-granatolycka","status":"publish","type":"post","link":"https:\/\/www.europesays.com\/se\/151216\/","title":{"rendered":"Tre personer misst\u00e4nks efter d\u00f6dlig granatolycka"},"content":{"rendered":"<p>I september f\u00f6rra \u00e5ret d\u00f6dades en man i 55-\u00e5rs\u00e5ldern under en polis\u00f6vning i Kvarn. Nu har tre personer delgivits misstanke om v\u00e5llande till annans d\u00f6d, rapporterar Corren.<\/p>\n<p>Enligt chefs\u00e5klagare Joakim Zander tr\u00e4ffades mannen av en distraktionsgranat, vilket orsakade hans d\u00f6d. Nyligen har tre personer f\u00f6rh\u00f6rts, varp\u00e5 de delgivits misstanke om brott.<\/p>\n<p>\u2013 Jag kommer inte avsl\u00f6ja vilka funktioner de h\u00e4r personerna har haft under \u00f6vningen, s\u00e4ger Joakim Zander till tidningen.<\/p>\n<p>Omni \u00e4r politiskt obundna och oberoende. Vi str\u00e4var efter att ge fler perspektiv p\u00e5 nyheterna. Har du fr\u00e5gor eller synpunkter kring v\u00e5r rapportering? <a href=\"https:\/\/omni.se\/tre-personer-misstanks-efter-dodlig-granatolycka\/a\/mailto:redaktion@omni.se\" class=\"ArticleActions_contactLink__W2F1M\" rel=\"nofollow noopener\" target=\"_blank\">Kontakta redaktionen<\/a><\/p>\n","protected":false},"excerpt":{"rendered":"I september f\u00f6rra \u00e5ret d\u00f6dades en man i 55-\u00e5rs\u00e5ldern under en polis\u00f6vning i Kvarn. Nu har tre personer&hellip;\n","protected":false},"author":2,"featured_media":151217,"comment_status":"","ping_status":"","sticky":false,"template":"","format":"standard","meta":{"footnotes":""},"categories":[5],"tags":[2099,22,23,128,26,27,17,21,24,25,28,29,15,16,3659,18,34,31,33,32,30,19,20],"class_list":{"0":"post-151216","1":"post","2":"type-post","3":"status-publish","4":"format-standard","5":"has-post-thumbnail","7":"category-rubriker","8":"tag-aklagarmyndigheten","9":"tag-breaking-news","10":"tag-breakingnews","11":"tag-brott","12":"tag-featured-news","13":"tag-featurednews","14":"tag-headlines","15":"tag-huvudnyheter","16":"tag-latest-news","17":"tag-latestnews","18":"tag-main-news","19":"tag-mainnews","20":"tag-news","21":"tag-nyheter","22":"tag-ostergotlands-lan","23":"tag-rubriker","24":"tag-se","25":"tag-svenska","26":"tag-sverige","27":"tag-sweden","28":"tag-swedish","29":"tag-top-stories","30":"tag-topstories"},"share_on_mastodon":{"url":"https:\/\/pubeurope.com\/@se\/115984128021034851","error":""},"_links":{"self":[{"href":"https:\/\/www.europesays.com\/se\/wp-json\/wp\/v2\/posts\/151216","targetHints":{"allow":["GET"]}}],"collection":[{"href":"https:\/\/www.europesays.com\/se\/wp-json\/wp\/v2\/posts"}],"about":[{"href":"https:\/\/www.europesays.com\/se\/wp-json\/wp\/v2\/types\/post"}],"author":[{"embeddable":true,"href":"https:\/\/www.europesays.com\/se\/wp-json\/wp\/v2\/users\/2"}],"replies":[{"embeddable":true,"href":"https:\/\/www.europesays.com\/se\/wp-json\/wp\/v2\/comments?post=151216"}],"version-history":[{"count":0,"href":"https:\/\/www.europesays.com\/se\/wp-json\/wp\/v2\/posts\/151216\/revisions"}],"wp:featuredmedia":[{"embeddable":true,"href":"https:\/\/www.europesays.com\/se\/wp-json\/wp\/v2\/media\/151217"}],"wp:attachment":[{"href":"https:\/\/www.europesays.com\/se\/wp-json\/wp\/v2\/media?parent=151216"}],"wp:term":[{"taxonomy":"category","embeddable":true,"href":"https:\/\/www.europesays.com\/se\/wp-json\/wp\/v2\/categories?post=151216"},{"taxonomy":"post_tag","embeddable":true,"href":"https:\/\/www.europesays.com\/se\/wp-json\/wp\/v2\/tags?post=151216"}],"curies":[{"name":"wp","href":"https:\/\/api.w.org\/{rel}","templated":true}]}}