{"id":15122,"date":"2025-08-27T15:25:08","date_gmt":"2025-08-27T15:25:08","guid":{"rendered":"https:\/\/www.europesays.com\/se\/15122\/"},"modified":"2025-08-27T15:25:08","modified_gmt":"2025-08-27T15:25:08","slug":"lov1-lagger-ner-efter-hov1s-besked","status":"publish","type":"post","link":"https:\/\/www.europesays.com\/se\/15122\/","title":{"rendered":"Lov1 l\u00e4gger ner &#8211; efter Hov1s besked"},"content":{"rendered":"<p>Publicerad 27 aug 2025 kl 17.10<\/p>\n<p>Gruppen Lov1 l\u00e4gger ner, kan Expressen N\u00f6je avsl\u00f6ja.\u00a0<\/p>\n<p>Den 6 september g\u00f6r gruppen sin sista spelning n\u00e4r de st\u00e4ller sig p\u00e5 scenen p\u00e5 Gr\u00f6na Lund i Stockholm.<\/p>\n<p><img   alt=\"\"\/><\/p>\n<p>Sista spelningen blir p\u00e5 Gr\u00f6na Lund.<\/p>\n<p>Foto: Lavan Hakim \/ Lavan Hakim<\/p>\n<p>\u00d6ppna bild i helsk\u00e4rm<img loading=\"lazy\"   alt=\"\"\/><\/p>\n<p>Bandet<\/p>\n<p>Foto: Lavan Hakim<\/p>\n<p>\u00d6ppna bild i helsk\u00e4rm<\/p>\n<p>Hov1-parodigruppen Lov1 bildades 2019 av Pontus Bjernekull M\u00f6rner, Waldemar Eriksson, Ludvig Sturaeus och Leon Holm.<\/p>\n<p>\u00c5r 2020 slog de igenom med l\u00e5ten \u201dSexcigg\u201d och p\u00e5 Spotifys lista \u00f6ver \u00e5rets mest spelade l\u00e5tar i sommar fanns deras hit \u201dSommarkatt\u201d.<\/p>\n<p>Hov1 <a href=\"https:\/\/www.expressen.se\/noje\/hov1-lagger-ner-\/\" rel=\"nofollow noopener\" target=\"_blank\">meddelade i v\u00e5ras<\/a> att de l\u00e4gger ner och i helgen g\u00f6r de deras sista spelning. Nu meddelar parodigruppen att de g\u00e5r i samma sp\u00e5r.<\/p>\n<p>Spelningen p\u00e5 Gr\u00f6na Lund n\u00e4sta vecka blir Lov1:s sista.<\/p>\n","protected":false},"excerpt":{"rendered":"Publicerad 27 aug 2025 kl 17.10 Gruppen Lov1 l\u00e4gger ner, kan Expressen N\u00f6je avsl\u00f6ja.\u00a0 Den 6 september g\u00f6r&hellip;\n","protected":false},"author":2,"featured_media":15123,"comment_status":"","ping_status":"","sticky":false,"template":"","format":"standard","meta":{"footnotes":""},"categories":[67],"tags":[104,440,34,775,31,33,32,30,105],"class_list":{"0":"post-15122","1":"post","2":"type-post","3":"status-publish","4":"format-standard","5":"has-post-thumbnail","7":"category-underhallning","8":"tag-entertainment","9":"tag-function-unga","10":"tag-se","11":"tag-sections-musik","12":"tag-svenska","13":"tag-sverige","14":"tag-sweden","15":"tag-swedish","16":"tag-underhallning"},"share_on_mastodon":{"url":"","error":""},"_links":{"self":[{"href":"https:\/\/www.europesays.com\/se\/wp-json\/wp\/v2\/posts\/15122","targetHints":{"allow":["GET"]}}],"collection":[{"href":"https:\/\/www.europesays.com\/se\/wp-json\/wp\/v2\/posts"}],"about":[{"href":"https:\/\/www.europesays.com\/se\/wp-json\/wp\/v2\/types\/post"}],"author":[{"embeddable":true,"href":"https:\/\/www.europesays.com\/se\/wp-json\/wp\/v2\/users\/2"}],"replies":[{"embeddable":true,"href":"https:\/\/www.europesays.com\/se\/wp-json\/wp\/v2\/comments?post=15122"}],"version-history":[{"count":0,"href":"https:\/\/www.europesays.com\/se\/wp-json\/wp\/v2\/posts\/15122\/revisions"}],"wp:featuredmedia":[{"embeddable":true,"href":"https:\/\/www.europesays.com\/se\/wp-json\/wp\/v2\/media\/15123"}],"wp:attachment":[{"href":"https:\/\/www.europesays.com\/se\/wp-json\/wp\/v2\/media?parent=15122"}],"wp:term":[{"taxonomy":"category","embeddable":true,"href":"https:\/\/www.europesays.com\/se\/wp-json\/wp\/v2\/categories?post=15122"},{"taxonomy":"post_tag","embeddable":true,"href":"https:\/\/www.europesays.com\/se\/wp-json\/wp\/v2\/tags?post=15122"}],"curies":[{"name":"wp","href":"https:\/\/api.w.org\/{rel}","templated":true}]}}