{"id":151222,"date":"2026-01-30T12:50:09","date_gmt":"2026-01-30T12:50:09","guid":{"rendered":"https:\/\/www.europesays.com\/se\/151222\/"},"modified":"2026-01-30T12:50:09","modified_gmt":"2026-01-30T12:50:09","slug":"kritik-mot-deathcorebandet-slaughter-to-prevails-spelning","status":"publish","type":"post","link":"https:\/\/www.europesays.com\/se\/151222\/","title":{"rendered":"Kritik mot deathcorebandet Slaughter To Prevails spelning"},"content":{"rendered":"<p>Organisationen Nordic Ukraine Forum har kritiserat beslutet att l\u00e5ta Slaughter to prevail spela och menar att bandet sprider rysk propaganda.<\/p>\n<p>Bandet har l\u00e4mnat Ryssland f\u00f6r USA och har i flera intervjuer kritiserat censuren i sitt hemland och uttalat sig emot kriget, bland annat i <a href=\"https:\/\/www.revolvermag.com\/music\/our-government-thinks-were-satanists-slaughter-prevail-talk-russia-war-fighting-bears-new\/\" rel=\"nofollow noopener\" target=\"_blank\">Revolver magazine \u00e5r 2022.<\/a><\/p>\n<p>Nordic Ukraine Forum menar att bandmedlemmarna i andra l\u00e4gen agerat f\u00f6r att normalisera ryska narrativ och h\u00e4nvisar bland annat till att de har haft ryska flaggor p\u00e5 scen och att de i vissa sammanhang anv\u00e4nt f\u00f6rkortningen f\u00f6r \u201dmilit\u00e4r specialoperation\u201d, vilket ryska regimen kallar invasionen av Ukraina.<\/p>\n<p><strong>Bandet startade \u00e5r 2014<\/strong>. S\u00e5ngare Aleksandr \u201dAlex Terrible\u201d Shikolai \u00e4r sedan l\u00e4nge en kontroversiell figur och fick 2015 kritik f\u00f6r sina kopplingar till h\u00f6gerextremism, bland annat f\u00f6r att han burit en tr\u00f6ja fr\u00e5n ett kl\u00e4dm\u00e4rke med n\u00e4ra band till ryska vit makt- kretsar. Reaktionerna g\u00e4llde \u00e4ven en tatuering med en h\u00f6gerextrem symbol, som han sedan uppger att han t\u00e4ckt \u00f6ver.<\/p>\n<p>Sj\u00e4lv har Aleksandr Shikolai sagt att han var en del av h\u00f6gerextrema kretsar n\u00e4r han var ung men att han l\u00e4mnat det bakom sig och nekar nu till att han skulle ha neo-nazistiska \u00e5sikter.<\/p>\n<p>Slaughter to prevail spelade i G\u00f6teborg i tisdags. Fredagskonserten h\u00e5lls p\u00e5 B-K som \u00e4gs av Stockholms stad.<\/p>\n<p>\u2013 Det som jag har blivit uppm\u00e4rksammad till just h\u00e4r \u00e4r att ett band som l\u00e5nat sig till rysk propaganda upptr\u00e4der i Stockholms stads lokaler, s\u00e4ger oppositionsborgarr\u00e5det Christofer Fjellner (M).<\/p>\n<p><strong>Christofer Fjellner menar<\/strong> att han har liten kunskap om bandet i \u00f6vrigt och s\u00e4ger att det inte \u00e4r hans sak som politiker att bed\u00f6ma kulturen.<\/p>\n<p>\u2013 Men man m\u00e5ste beakta stockholmarna n\u00e4r man anv\u00e4nder Stockholm stads lokaler och det tycker inte jag att Live Nation har gjort. Jag hade inte bokat det h\u00e4r bandet, s\u00e4ger han.<\/p>\n<p>\u00c4ven finansborgarr\u00e5det Karin Wanng\u00e5rd (S) har reagerat inf\u00f6r konserten. Stockholms stad \u201dhar en dialog med arrang\u00f6ren\u201d f\u00f6r att s\u00e4kerst\u00e4lla att antidemokratiska budskap inte ska spridas under spelningen, s\u00e4ger hon i en skriftlig kommentar till <a href=\"https:\/\/www.svt.se\/kultur\/kontroversiellt-ryskt-metalband-upptrader-i-sverige\" rel=\"nofollow noopener\" target=\"_blank\">SVT<\/a>.<\/p>\n","protected":false},"excerpt":{"rendered":"Organisationen Nordic Ukraine Forum har kritiserat beslutet att l\u00e5ta Slaughter to prevail spela och menar att bandet sprider&hellip;\n","protected":false},"author":2,"featured_media":151223,"comment_status":"","ping_status":"","sticky":false,"template":"","format":"standard","meta":{"footnotes":""},"categories":[67],"tags":[104,34,31,33,32,30,105],"class_list":{"0":"post-151222","1":"post","2":"type-post","3":"status-publish","4":"format-standard","5":"has-post-thumbnail","7":"category-underhallning","8":"tag-entertainment","9":"tag-se","10":"tag-svenska","11":"tag-sverige","12":"tag-sweden","13":"tag-swedish","14":"tag-underhallning"},"share_on_mastodon":{"url":"https:\/\/pubeurope.com\/@se\/115984139823552038","error":""},"_links":{"self":[{"href":"https:\/\/www.europesays.com\/se\/wp-json\/wp\/v2\/posts\/151222","targetHints":{"allow":["GET"]}}],"collection":[{"href":"https:\/\/www.europesays.com\/se\/wp-json\/wp\/v2\/posts"}],"about":[{"href":"https:\/\/www.europesays.com\/se\/wp-json\/wp\/v2\/types\/post"}],"author":[{"embeddable":true,"href":"https:\/\/www.europesays.com\/se\/wp-json\/wp\/v2\/users\/2"}],"replies":[{"embeddable":true,"href":"https:\/\/www.europesays.com\/se\/wp-json\/wp\/v2\/comments?post=151222"}],"version-history":[{"count":0,"href":"https:\/\/www.europesays.com\/se\/wp-json\/wp\/v2\/posts\/151222\/revisions"}],"wp:featuredmedia":[{"embeddable":true,"href":"https:\/\/www.europesays.com\/se\/wp-json\/wp\/v2\/media\/151223"}],"wp:attachment":[{"href":"https:\/\/www.europesays.com\/se\/wp-json\/wp\/v2\/media?parent=151222"}],"wp:term":[{"taxonomy":"category","embeddable":true,"href":"https:\/\/www.europesays.com\/se\/wp-json\/wp\/v2\/categories?post=151222"},{"taxonomy":"post_tag","embeddable":true,"href":"https:\/\/www.europesays.com\/se\/wp-json\/wp\/v2\/tags?post=151222"}],"curies":[{"name":"wp","href":"https:\/\/api.w.org\/{rel}","templated":true}]}}