{"id":151231,"date":"2026-01-30T12:55:19","date_gmt":"2026-01-30T12:55:19","guid":{"rendered":"https:\/\/www.europesays.com\/se\/151231\/"},"modified":"2026-01-30T12:55:19","modified_gmt":"2026-01-30T12:55:19","slug":"pojke-hittad-dod-pa-sis-hem-i-kalix","status":"publish","type":"post","link":"https:\/\/www.europesays.com\/se\/151231\/","title":{"rendered":"Pojke hittad d\u00f6d p\u00e5 Sis-hem i Kalix"},"content":{"rendered":"<p>En pojke har hittats d\u00f6d p\u00e5 ett Sis-hem i Kalix, rapporterar SVT Nyheter Norrbotten.<\/p>\n<p>H\u00e4ndelsen utreds f\u00f6r att Sis ska f\u00e5 en bild av h\u00e4ndelsef\u00f6rloppet.<\/p>\n<p>Pojken p\u00e5tr\u00e4ffades avliden i verksamhetens lokaler. Sis s\u00e4kerst\u00e4ller nu att alla ungdomar och medarbetare p\u00e5 ungdomshemmet f\u00e5r det st\u00f6d de beh\u00f6ver, skriver Statens institutionsstyrelse i ett pressmeddelande.<\/p>\n<p>\u201dV\u00e5ra tankar g\u00e5r i denna stund till pojkens anh\u00f6riga\u201d, skriver Sis.<\/p>\n<p>Omni \u00e4r politiskt obundna och oberoende. Vi str\u00e4var efter att ge fler perspektiv p\u00e5 nyheterna. Har du fr\u00e5gor eller synpunkter kring v\u00e5r rapportering? <a href=\"https:\/\/omni.se\/pojke-hittad-dod-pa-sis-hem-i-kalix\/a\/mailto:redaktion@omni.se\" class=\"ArticleActions_contactLink__W2F1M\" rel=\"nofollow noopener\" target=\"_blank\">Kontakta redaktionen<\/a><\/p>\n","protected":false},"excerpt":{"rendered":"En pojke har hittats d\u00f6d p\u00e5 ett Sis-hem i Kalix, rapporterar SVT Nyheter Norrbotten. H\u00e4ndelsen utreds f\u00f6r att&hellip;\n","protected":false},"author":2,"featured_media":151232,"comment_status":"","ping_status":"","sticky":false,"template":"","format":"standard","meta":{"footnotes":""},"categories":[5],"tags":[22,23,26,27,17,21,5771,24,25,28,29,15,841,16,18,34,221,222,31,33,32,30,19,20],"class_list":{"0":"post-151231","1":"post","2":"type-post","3":"status-publish","4":"format-standard","5":"has-post-thumbnail","7":"category-rubriker","8":"tag-breaking-news","9":"tag-breakingnews","10":"tag-featured-news","11":"tag-featurednews","12":"tag-headlines","13":"tag-huvudnyheter","14":"tag-kalix","15":"tag-latest-news","16":"tag-latestnews","17":"tag-main-news","18":"tag-mainnews","19":"tag-news","20":"tag-norrbottens-lan","21":"tag-nyheter","22":"tag-rubriker","23":"tag-se","24":"tag-sis","25":"tag-statens-institutionsstyrelse","26":"tag-svenska","27":"tag-sverige","28":"tag-sweden","29":"tag-swedish","30":"tag-top-stories","31":"tag-topstories"},"share_on_mastodon":{"url":"https:\/\/pubeurope.com\/@se\/115984159414006013","error":""},"_links":{"self":[{"href":"https:\/\/www.europesays.com\/se\/wp-json\/wp\/v2\/posts\/151231","targetHints":{"allow":["GET"]}}],"collection":[{"href":"https:\/\/www.europesays.com\/se\/wp-json\/wp\/v2\/posts"}],"about":[{"href":"https:\/\/www.europesays.com\/se\/wp-json\/wp\/v2\/types\/post"}],"author":[{"embeddable":true,"href":"https:\/\/www.europesays.com\/se\/wp-json\/wp\/v2\/users\/2"}],"replies":[{"embeddable":true,"href":"https:\/\/www.europesays.com\/se\/wp-json\/wp\/v2\/comments?post=151231"}],"version-history":[{"count":0,"href":"https:\/\/www.europesays.com\/se\/wp-json\/wp\/v2\/posts\/151231\/revisions"}],"wp:featuredmedia":[{"embeddable":true,"href":"https:\/\/www.europesays.com\/se\/wp-json\/wp\/v2\/media\/151232"}],"wp:attachment":[{"href":"https:\/\/www.europesays.com\/se\/wp-json\/wp\/v2\/media?parent=151231"}],"wp:term":[{"taxonomy":"category","embeddable":true,"href":"https:\/\/www.europesays.com\/se\/wp-json\/wp\/v2\/categories?post=151231"},{"taxonomy":"post_tag","embeddable":true,"href":"https:\/\/www.europesays.com\/se\/wp-json\/wp\/v2\/tags?post=151231"}],"curies":[{"name":"wp","href":"https:\/\/api.w.org\/{rel}","templated":true}]}}