{"id":151241,"date":"2026-01-30T13:03:17","date_gmt":"2026-01-30T13:03:17","guid":{"rendered":"https:\/\/www.europesays.com\/se\/151241\/"},"modified":"2026-01-30T13:03:17","modified_gmt":"2026-01-30T13:03:17","slug":"tre-misstankta-for-brott-efter-granatolycka","status":"publish","type":"post","link":"https:\/\/www.europesays.com\/se\/151241\/","title":{"rendered":"Tre misst\u00e4nkta f\u00f6r brott efter granatolycka"},"content":{"rendered":"<p>share-arrowDela<\/p>\n<p>unsaveSpara<\/p>\n<p>expand-left<\/p>\n<p>helsk\u00e4rm<img decoding=\"async\" class=\"image-asset hyperion-css-u06ts1\" data-test-tag=\"image-asset\" src=\"https:\/\/www.europesays.com\/se\/wp-content\/uploads\/2026\/01\/30b0c4dd-d346-40ad-a4e3-03aa8daab2cf.jpeg\"  alt=\"Rekryter \u00f6var vid markstridsskolan i Kvarn utanf\u00f6r Borensberg. Vid olyckstillf\u00e4llet var det poliser som \u00f6vade. Arkivbild.\"  loading=\"eager\" fetchpriority=\"high\" style=\"aspect-ratio:1900 \/ 1265\"\/>Rekryter \u00f6var vid markstridsskolan i Kvarn utanf\u00f6r Borensberg. Vid olyckstillf\u00e4llet var det poliser som \u00f6vade. Arkivbild. Foto: Pontus Lundahl\/TT<\/p>\n<p class=\"hyperion-css-1shl3oz\" data-test-tag=\"lead-text\">Tre personer misst\u00e4nks f\u00f6r brott i samband med den d\u00f6dliga granatolyckan p\u00e5 markstridsskolan i Kvarn utanf\u00f6r Borensberg i h\u00f6stas.<\/p>\n<p class=\"hyperion-css-1v9qo5x\">\u2013 Rubriceringen \u00e4r v\u00e5llande till annans d\u00f6d, s\u00e4ger chefs\u00e5klagare Joakim Zander till Corren.<\/p>\n<p class=\"hyperion-css-1v9qo5x\">Olyckan intr\u00e4ffade n\u00e4r polisen \u00f6vade p\u00e5 skolomr\u00e5det. En man som deltog som en s\u00e5 kallad figurant tr\u00e4ffades av en distraktionsgranat och omkom.<\/p>\n<p class=\"hyperion-css-1v9qo5x\">Joakim Zander vill inte uppge vilka funktioner de tre som nu delgivits misstanke hade under \u00f6vningen, eller hur de st\u00e4ller sig till misstankarna.<\/p>\n<p class=\"hyperion-css-1v9qo5x\">Parallellt forts\u00e4tter utredningen om arbetsmilj\u00f6brott, men i den har ingen delgivits misstanke.<\/p>\n","protected":false},"excerpt":{"rendered":"share-arrowDela unsaveSpara expand-left helsk\u00e4rmRekryter \u00f6var vid markstridsskolan i Kvarn utanf\u00f6r Borensberg. Vid olyckstillf\u00e4llet var det poliser som \u00f6vade.&hellip;\n","protected":false},"author":2,"featured_media":151242,"comment_status":"","ping_status":"","sticky":false,"template":"","format":"standard","meta":{"footnotes":""},"categories":[5],"tags":[22,23,26,27,17,21,24,25,28,29,15,16,18,34,31,33,32,30,19,20],"class_list":{"0":"post-151241","1":"post","2":"type-post","3":"status-publish","4":"format-standard","5":"has-post-thumbnail","7":"category-rubriker","8":"tag-breaking-news","9":"tag-breakingnews","10":"tag-featured-news","11":"tag-featurednews","12":"tag-headlines","13":"tag-huvudnyheter","14":"tag-latest-news","15":"tag-latestnews","16":"tag-main-news","17":"tag-mainnews","18":"tag-news","19":"tag-nyheter","20":"tag-rubriker","21":"tag-se","22":"tag-svenska","23":"tag-sverige","24":"tag-sweden","25":"tag-swedish","26":"tag-top-stories","27":"tag-topstories"},"share_on_mastodon":{"url":"https:\/\/pubeurope.com\/@se\/115984190948718733","error":""},"_links":{"self":[{"href":"https:\/\/www.europesays.com\/se\/wp-json\/wp\/v2\/posts\/151241","targetHints":{"allow":["GET"]}}],"collection":[{"href":"https:\/\/www.europesays.com\/se\/wp-json\/wp\/v2\/posts"}],"about":[{"href":"https:\/\/www.europesays.com\/se\/wp-json\/wp\/v2\/types\/post"}],"author":[{"embeddable":true,"href":"https:\/\/www.europesays.com\/se\/wp-json\/wp\/v2\/users\/2"}],"replies":[{"embeddable":true,"href":"https:\/\/www.europesays.com\/se\/wp-json\/wp\/v2\/comments?post=151241"}],"version-history":[{"count":0,"href":"https:\/\/www.europesays.com\/se\/wp-json\/wp\/v2\/posts\/151241\/revisions"}],"wp:featuredmedia":[{"embeddable":true,"href":"https:\/\/www.europesays.com\/se\/wp-json\/wp\/v2\/media\/151242"}],"wp:attachment":[{"href":"https:\/\/www.europesays.com\/se\/wp-json\/wp\/v2\/media?parent=151241"}],"wp:term":[{"taxonomy":"category","embeddable":true,"href":"https:\/\/www.europesays.com\/se\/wp-json\/wp\/v2\/categories?post=151241"},{"taxonomy":"post_tag","embeddable":true,"href":"https:\/\/www.europesays.com\/se\/wp-json\/wp\/v2\/tags?post=151241"}],"curies":[{"name":"wp","href":"https:\/\/api.w.org\/{rel}","templated":true}]}}