{"id":151247,"date":"2026-01-30T13:06:17","date_gmt":"2026-01-30T13:06:17","guid":{"rendered":"https:\/\/www.europesays.com\/se\/151247\/"},"modified":"2026-01-30T13:06:17","modified_gmt":"2026-01-30T13:06:17","slug":"premiar-for-vaka-stjarnspackat-om-ett-mystiskt-virus-som-drabbar-sverige","status":"publish","type":"post","link":"https:\/\/www.europesays.com\/se\/151247\/","title":{"rendered":"Premi\u00e4r f\u00f6r &#8221;Vaka&#8221; &#8211; stj\u00e4rnsp\u00e4ckat om ett mystiskt virus som drabbar Sverige"},"content":{"rendered":"<p>En farlig epidemi sprider sig \u00f6ver Stockholm. M\u00e4nniskor som drabbas kan inte sova och b\u00f6rjar bete sig allt mer irrationellt. Nya tv-serien <a href=\"https:\/\/www.moviezine.se\/series\/vaka\" rel=\"nofollow noopener\" target=\"_blank\">\u201dVaka\u201d<\/a> drar ig\u00e5ng med dramatiska bilder \u00f6ver d\u00f6dsolyckor som h\u00e4mtade ur en \u201dFinal Destination\u201d-film. S\u00e5 sm\u00e5ningom utvecklas det till ett mysterium och en kamp mot klockan \u2013 vad \u00e4r det som p\u00e5g\u00e5r och hur kan det stoppas?<\/p>\n<p>\u201d\u00c5ngestladdat och grymt sp\u00e4nnande\u201d skriver MovieZines tv-kritiker Jonna Vanhatalo i sin <a href=\"https:\/\/www.moviezine.se\/recensioner\/vaka-ar-angestladdat-och-grymt-spannande\" rel=\"nofollow noopener\" target=\"_blank\">recension av \u201dVaka\u201d<\/a>.<\/p>\n<p>I ensemblen finns flera av Sveriges mest k\u00e4nda sk\u00e5despelare, som Jonas Karlsson, Aliette Opheim och nyss Guldbaggebel\u00f6nade Torkel Petersson. Vi tog ett snack med n\u00e5gra ur ensemblen f\u00f6r att h\u00f6ra mer om vinterns stora serielansering.<\/p>\n<p><img loading=\"lazy\" height=\"432\" width=\"648\" class=\"wp-image-712729 sp-no-webp perfmatters-lazy\" alt=\"\" decoding=\"async\" src=\"https:\/\/www.europesays.com\/se\/wp-content\/uploads\/2026\/01\/First-Look3-1-648x432.jpg\"  data-\/> Gizem Erdogan och Jonas Karlsson med allvarliga miner.<\/p>\n<p><strong>Gizem Erdogan<\/strong> (\u201dKalifat\u201d) spelar Saga som i b\u00f6rjan av serien blir utrikesminister. Jag ber henne beskriva vad som egentligen h\u00e4nder i \u201dVaka\u201d:<\/p>\n<p>\u2013 En d\u00f6dlig epidemi drabbar Stockholm och det g\u00e5r ganska fort. Serien utspelar sig i lite olika v\u00e4rldar. Dels \u00e4r det politikernas v\u00e4rld, d\u00e4r finns min rollfigur Saga \u2013 som ocks\u00e5 har en relation med Jonas Karlsson, ber\u00e4ttar hon.<\/p>\n<p>\u2013 Jag skulle beskriva serien som en dramathriller med lite sci-fi-inslag. Men ocks\u00e5 en katastroffilm. Men det \u00e4r v\u00e4l thrillern som driver ber\u00e4ttelsen fram\u00e5t, medan man stannat upp hos de h\u00e4r karakt\u00e4rerna. Man f\u00e5r f\u00f6lja m\u00e5nga olika livs\u00f6den som p\u00e5 olika s\u00e4tt fl\u00e4tas samman. Jag \u00e4lskar s\u00e5na serier.<\/p>\n<p><img loading=\"lazy\" height=\"522\" width=\"648\" class=\"wp-image-712730 sp-no-webp perfmatters-lazy\" alt=\"\" decoding=\"async\" src=\"https:\/\/www.europesays.com\/se\/wp-content\/uploads\/2026\/01\/malte-siham-648x522.jpg\"  data-\/> Malte G\u00e5rdinger och Siham Shurafa valde matchande frisyrer p\u00e5 pressdagen. Foto: MovieZine<\/p>\n<p><strong>Siham Shurafa<\/strong> (senast aktuell i julkalendern \u201dTidstjuven\u201d) spelar Moa som arbetar p\u00e5 regeringskansliet:<\/p>\n<p>\u2013 Serien \u00e4r som ett titth\u00e5l in i hur m\u00e4nniskor beter sig n\u00e4r vi \u00e4r som r\u00e4ddast. Hur tar vi hand om varandra? I Sverige \u00e4r vi ju inte vana vid stora katastrofer alls. Hur reagerar vi n\u00e4r n\u00e5got s\u00e5nt h\u00e4r drabbar Stockholm? Men det \u00e4r oks\u00e5 en serie om relationer, f\u00f6r den f\u00f6ljer m\u00e5nga olika karakt\u00e4rer samtidigt. Det \u00e4r ovanligt i en svensk serie, tycker jag.<\/p>\n<p><strong>Malte G\u00e5rdinger<\/strong> (\u201dEtt sista race\u201d) \u00e4r Hugo, en st\u00f6kig son till en h\u00f6gt uppsatt minister (Jonas Karlsson):<\/p>\n<p>\u2013 Det \u00e4r lite sv\u00e5rt att s\u00e4tta fingret p\u00e5 en enda genre. Den \u00e4r lite dystopisk, lite katastrof\u2026 blandat med relationsdramat. \u201dVaka\u201d handlar om vad en katastrof g\u00f6r med det kollektiva psyket. Men ocks\u00e5 om krishanteringen p\u00e5 den skalan.<\/p>\n<p><img loading=\"lazy\" height=\"432\" width=\"648\" class=\"wp-image-712727 sp-no-webp perfmatters-lazy\" alt=\"\" decoding=\"async\" src=\"https:\/\/www.europesays.com\/se\/wp-content\/uploads\/2026\/01\/First-Look2-648x432.jpg\"  data-\/> J\u00f6rgen Thorssons son spelas av H\u00e5kan Br\u00e5kan, allts\u00e5 Silas Strand.<\/p>\n<p><strong>J\u00f6rgen Thorsson<\/strong> (\u201dGr\u00e4ns\u201d, \u201dHamilton\u201d) g\u00f6r rollen som Johannes, en konspiratoriskt lagd familjefar som sj\u00e4lv blir sjuk:<\/p>\n<p>\u2013 N\u00e4r man l\u00e4ste manus var det som en bladv\u00e4ndare. Jag kunde inte sluta l\u00e4sa de h\u00e4r sex episoderna n\u00e4r de v\u00e4l hade kommit i inkorgen. Nu har jag f\u00e5tt se lite grann ur serien och kan k\u00e4nna att det tar samma tag om mig, \u00e4ven som tittare.<\/p>\n<p>\u2013 Sj\u00e4lv tittar jag inte g\u00e4rna p\u00e5 thrillers, jag \u00e4r lite k\u00e4nslig av mig\u2026 Men att f\u00e5 arbeta med det \u00e4r mitt s\u00e4tt att vara en del av den genren. Och det \u00e4r supersp\u00e4nnande, s\u00e4ger han.<\/p>\n<p><img loading=\"lazy\" height=\"432\" width=\"648\" class=\"wp-image-712725 sp-no-webp perfmatters-lazy\" alt=\"\" decoding=\"async\" src=\"https:\/\/www.europesays.com\/se\/wp-content\/uploads\/2026\/01\/M8A0076_high-2-648x432.jpg\"  data-\/> Barnvakten Linda tar sitt uppdrag p\u00e5 st\u00f6rsta allvar.<\/p>\n<p><strong>Frida Argento<\/strong> (\u201dYoung Royals\u201d) spelar influencern Linda, granne till Johannes, och bland de f\u00f6rsta att uppt\u00e4cka att n\u00e5got \u00e4r fel i samh\u00e4llet. Hon fastnade ocks\u00e5 f\u00f6r det sp\u00e4nnande uppl\u00e4gget:<\/p>\n<p>\u2013 Jag k\u00e4nner att jag \u00e4r stolt \u00f6ver att vara med i en serie som v\u00e5gar sig p\u00e5 en genre som man kanske inte ser s\u00e5 ofta? Svensk film och tv satsar kanske hellre p\u00e5 krim och deckare. Men det beh\u00f6vs fler personer som v\u00e5gar sig p\u00e5 nya genrer. Det \u00e4r nog det som lockade mig mest, s\u00e4ger hon och till\u00e4gger:<\/p>\n<p>\u2013 \u201dThe Walking Dead\u201d var min favoritserie n\u00e4r jag var liten, s\u00e5 jag ville absolut vara med!<\/p>\n<p>I rollistan finns ocks\u00e5 Aliette Opheim, Jonas Karlsson, Silas Strand, Jens Hult\u00e9n, Richard Ulfs\u00e4ter, Kardo Razzazi, Vanna Rosenberg och Torkel Petersson.<\/p>\n<p>Alla sex avsnitt av \u201dVaka\u201d finns nu att streama p\u00e5 Prime Video.<\/p>\n<p><img loading=\"lazy\" decoding=\"async\" alt=\"YouTube video\" width=\"480\" height=\"360\" data-pin-nopin=\"true\" nopin=\"nopin\" class=\"perfmatters-lazy\" src=\"https:\/\/www.europesays.com\/se\/wp-content\/uploads\/2026\/01\/1769778377_537_hqdefault.jpg\"\/><\/p>\n<p>L\u00e4s ocks\u00e5: <a href=\"https:\/\/www.moviezine.se\/nyheter\/prime-video-lockar-med-ny-dansk-kriminalserie\" title=\"Ny dansk mordserie p\u00e5 Prime Video \u2013 klassisk noir g\u00f6r comeback efter 40 \u00e5r\" class=\"underline-custom !font-montserrat !font-bold !underline-offset-4 !decoration-4 !decoration-moviezine-green !text-md\" rel=\"nofollow noopener\" target=\"_blank\">Ny dansk mordserie p\u00e5 Prime Video \u2013 klassisk noir g\u00f6r comeback efter 40 \u00e5r<\/a><\/p>\n<p>L\u00e4s ocks\u00e5: <a href=\"https:\/\/www.moviezine.se\/nyheter\/eddington-bland-nyheterna-pa-prime-video-i-februari-2026\" title=\"\u201dEddington\u201d bland nyheterna p\u00e5 Prime Video i februari 2026\" class=\"underline-custom !font-montserrat !font-bold !underline-offset-4 !decoration-4 !decoration-moviezine-green !text-md\" rel=\"nofollow noopener\" target=\"_blank\">\u201dEddington\u201d bland nyheterna p\u00e5 Prime Video i februari 2026<\/a><\/p>\n","protected":false},"excerpt":{"rendered":"En farlig epidemi sprider sig \u00f6ver Stockholm. M\u00e4nniskor som drabbas kan inte sova och b\u00f6rjar bete sig allt&hellip;\n","protected":false},"author":2,"featured_media":151248,"comment_status":"","ping_status":"","sticky":false,"template":"","format":"standard","meta":{"footnotes":""},"categories":[67],"tags":[2031,104,2293,34,31,33,32,30,105],"class_list":{"0":"post-151247","1":"post","2":"type-post","3":"status-publish","4":"format-standard","5":"has-post-thumbnail","7":"category-underhallning","8":"tag-amazon-prime-video","9":"tag-entertainment","10":"tag-intervjuer","11":"tag-se","12":"tag-svenska","13":"tag-sverige","14":"tag-sweden","15":"tag-swedish","16":"tag-underhallning"},"share_on_mastodon":{"url":"https:\/\/pubeurope.com\/@se\/115984202671466066","error":""},"_links":{"self":[{"href":"https:\/\/www.europesays.com\/se\/wp-json\/wp\/v2\/posts\/151247","targetHints":{"allow":["GET"]}}],"collection":[{"href":"https:\/\/www.europesays.com\/se\/wp-json\/wp\/v2\/posts"}],"about":[{"href":"https:\/\/www.europesays.com\/se\/wp-json\/wp\/v2\/types\/post"}],"author":[{"embeddable":true,"href":"https:\/\/www.europesays.com\/se\/wp-json\/wp\/v2\/users\/2"}],"replies":[{"embeddable":true,"href":"https:\/\/www.europesays.com\/se\/wp-json\/wp\/v2\/comments?post=151247"}],"version-history":[{"count":0,"href":"https:\/\/www.europesays.com\/se\/wp-json\/wp\/v2\/posts\/151247\/revisions"}],"wp:featuredmedia":[{"embeddable":true,"href":"https:\/\/www.europesays.com\/se\/wp-json\/wp\/v2\/media\/151248"}],"wp:attachment":[{"href":"https:\/\/www.europesays.com\/se\/wp-json\/wp\/v2\/media?parent=151247"}],"wp:term":[{"taxonomy":"category","embeddable":true,"href":"https:\/\/www.europesays.com\/se\/wp-json\/wp\/v2\/categories?post=151247"},{"taxonomy":"post_tag","embeddable":true,"href":"https:\/\/www.europesays.com\/se\/wp-json\/wp\/v2\/tags?post=151247"}],"curies":[{"name":"wp","href":"https:\/\/api.w.org\/{rel}","templated":true}]}}