{"id":151251,"date":"2026-01-30T13:10:13","date_gmt":"2026-01-30T13:10:13","guid":{"rendered":"https:\/\/www.europesays.com\/se\/151251\/"},"modified":"2026-01-30T13:10:13","modified_gmt":"2026-01-30T13:10:13","slug":"stoppa-sloseriet-innan-sverige-blir-som-syditalien","status":"publish","type":"post","link":"https:\/\/www.europesays.com\/se\/151251\/","title":{"rendered":"Stoppa sl\u00f6seriet innan Sverige blir som Syditalien"},"content":{"rendered":"<p>Ernlund och Bengtzboe: Riskerar bli som i Syditalien<img decoding=\"async\" class=\"image-asset hyperion-css-n6kkq1\" data-test-tag=\"image-asset\" src=\"https:\/\/www.europesays.com\/se\/wp-content\/uploads\/2025\/08\/ab-icon-circle-quote@2x.png\"  alt=\"\"  loading=\"lazy\" fetchpriority=\"auto\" style=\"aspect-ratio:16 \/ 16\"\/><\/p>\n<p class=\"boxtextgrotesk-root_baa6 hyperion-css-qkznpo\"><strong>Detta \u00e4r en debattartikel.<\/strong> Det \u00e4r skribenten som st\u00e5r f\u00f6r \u00e5sikterna som f\u00f6rs fram i texten, inte Aftonbladet.<\/p>\n<p class=\"boxtextgrotesk-root_baa6 hyperion-css-7pajle\">Publicerad 2026-01-29 06.30<\/p>\n<p>share-arrowDela<\/p>\n<p>unsaveSpara<\/p>\n<p>expand-left<\/p>\n<p>helsk\u00e4rm<img decoding=\"async\" class=\"image-asset hyperion-css-u06ts1\" data-test-tag=\"image-asset\" src=\"https:\/\/www.europesays.com\/se\/wp-content\/uploads\/2026\/01\/249f6e2d-a968-431f-8e5d-6fb808c73573.jpeg\"  alt=\"Tre exempel som Skattebetalarna lyfter upp i \u00e5rets upplaga av t\u00e4vlingen \u201d\u00c5rets v\u00e4rsta sl\u00f6seri\u201d \u00e4r Kirunas miljardbadhus (bilden), Northvolts bidragsfinansierade konkurs och Sandvikens kommunala r\u00e4kodling, skriver undertecknarna.\"  loading=\"eager\" fetchpriority=\"high\" style=\"aspect-ratio:1900 \/ 982\"\/>Tre exempel som Skattebetalarna lyfter upp i \u00e5rets upplaga av t\u00e4vlingen \u201d\u00c5rets v\u00e4rsta sl\u00f6seri\u201d \u00e4r Kirunas miljardbadhus (bilden), Northvolts bidragsfinansierade konkurs och Sandvikens kommunala r\u00e4kodling, skriver undertecknarna. Foto: Fredrik Sandberg\/TT<\/p>\n<p class=\"hyperion-css-1shl3oz\" data-test-tag=\"lead-text\">Fler \u00e4n sex av tio sm\u00e5f\u00f6retagare menar att deras hemkommun sl\u00f6sar med<br \/>skattepengar. <\/p>\n<p class=\"hyperion-css-1shl3oz\" data-test-tag=\"lead-text\">\u00c5tta av tio anser att politikerna g\u00f6r f\u00f6r lite f\u00f6r att stoppa sl\u00f6seriet. Det \u00e4r allvarligt. <\/p>\n<p class=\"hyperion-css-1shl3oz\" data-test-tag=\"lead-text\">N\u00e4r f\u00f6retag saknar f\u00f6rtroende f\u00f6r hur skattepengar anv\u00e4nds f\u00e5r vi en situation som liknar Syditaliens mer \u00e4n Sveriges.<\/p>\n<p class=\"hyperion-css-1v9qo5x\">DEBATT. N\u00e4r det \u00e4r mindre \u00e4n ett \u00e5r kvar till valet beh\u00f6ver sl\u00f6seriet med v\u00e5ra skattepengar komma h\u00f6gre upp p\u00e5 den politiska dagordningen. Inte minst n\u00e4r politikerna verkar t\u00e4vla om vem som kan vaska mest pengar ur v\u00e5r gemensamma pl\u00e5nbok.<\/p>\n<p class=\"hyperion-css-1v9qo5x\"><strong>Sl\u00f6seri \u00e4r alltid fel, men i offentlig sektor \u00e4r det f\u00f6r\u00f6dande. Varje krona som f\u00f6rsvinner i havererade prestigeprojekt eller d\u00e5liga upphandlingar \u00e4r en krona som kunde ha stannat kvar hos f\u00f6retag och medborgare. Det \u00e4r pengar som hade kunnat ge nya jobb eller mer v\u00e5rd, skola och omsorg.<\/strong><\/p>\n<p class=\"hyperion-css-1v9qo5x\">Den som avf\u00e4rdar sl\u00f6seri som \u201dolycksfall i arbetet\u201d missar de djupare effekterna. F\u00f6r sl\u00f6seri kostar inte bara pengar, det eroderar tilliten. Utan tillit f\u00e5r vi h\u00f6gre kontrollkostnader, mer regelkr\u00e5ngel och f\u00e4rre investeringar. Ekonomin fungerar s\u00e4mre.<\/p>\n<blockquote data-test-tag=\"blockquote\" class=\"blockquote-content_747c\"><p>pullquoteEn h\u00f6gljudd v\u00e4ckarklocka<\/p><\/blockquote>\n<p class=\"hyperion-css-1v9qo5x\"><strong>En f\u00e4rsk unders\u00f6kning bland \u00f6ver 1 500 av <\/strong><a data-test-tag=\"internal-link\" href=\"https:\/\/www.aftonbladet.se\/tagg\/foretagarna\" class=\"hyperion-css-15jkft9\" rel=\"nofollow noopener\" target=\"\" theme=\"opinion\"><strong>F\u00f6retagarnas<\/strong><\/a><strong> medlemmar visar att \u00f6ver 60 procent upplever att det sl\u00f6sas med skattepengar i hemkommunen. S\u00e5 m\u00e5nga som \u00e5tta av tio f\u00f6retagare anser att deras kommunpolitiker inte g\u00f6r tillr\u00e4ckligt f\u00f6r att minska sl\u00f6seriet. Det borde vara en h\u00f6gljudd v\u00e4ckarklocka f\u00f6r alla som ansvarar f\u00f6r offentliga medel.<\/strong><\/p>\n<p class=\"hyperion-css-1v9qo5x\">Inte heller anser f\u00f6retagarna att den service de f\u00e5r fr\u00e5n det offentliga st\u00e5r i proportion till den skatt de betalar in. En majoritet tror dessutom inte att ett l\u00e4gre skattetryck skulle inneb\u00e4ra s\u00e4mre v\u00e4lf\u00e4rd.<\/p>\n<p class=\"hyperion-css-1v9qo5x\">F\u00f6retagarnas l\u00e5ga tilltro till politikens f\u00f6rm\u00e5ga att f\u00f6rhindra sl\u00f6seri p\u00e5minner mer om bilden av Syditalien \u00e4n den av Sverige. I ett h\u00f6gskatteland \u00e4r det s\u00e4rskilt viktigt att pengarna anv\u00e4nds ansvarsfullt. Annars undermineras drivkrafterna att vara f\u00f6retagare fr\u00e5n tv\u00e5 h\u00e5ll. F\u00f6rst genom att det \u00e4r dyrt, d\u00e5 vi har ett h\u00f6gre skattetryck \u00e4n OECD-snittet, sedan genom att de inbetalda pengarna inte upplevs g\u00e5 till r\u00e4tt saker.<\/p>\n<p class=\"hyperion-css-1v9qo5x\"><strong>F\u00f6retagens upplevelse \u00e4r begriplig. Bara i n\u00e4rtid finns en rad exempel p\u00e5 offentligt sl\u00f6seri som sticker i \u00f6gonen. Tre exempel som Skattebetalarna lyfter upp i \u00e5rets upplaga av t\u00e4vlingen \u201d\u00c5rets v\u00e4rsta sl\u00f6seri\u201d \u00e4r Kirunas miljardbadhus, Northvolts bidragsfinansierade konkurs och Sandvikens kommunala r\u00e4kodling. Listan i sin helhet \u00e4r f\u00f6rst\u00e5s betydligt l\u00e4ngre \u00e4n s\u00e5.<\/strong><\/p>\n<p class=\"hyperion-css-1v9qo5x\">I n\u00e4ringslivet hade styrelsen dragit i n\u00f6dbromsen. Men i offentlig sektor, eller i f\u00f6retag som finansieras med skattemedel, rullar projekt i st\u00e4llet vidare. Ingen risk \u00e4r f\u00f6r stor n\u00e4r det \u00e4r andras pengar som satsas.<\/p>\n<p class=\"hyperion-css-1v9qo5x\">Sl\u00f6seri i toppen sl\u00e5r h\u00e5rdast l\u00e4ngst ned. N\u00e4r stora prestigeprojekt kraschar drabbar det ofta underleverant\u00f6rerna v\u00e4rst. Sm\u00e5f\u00f6retagare som gjort jobbet st\u00e5r sist i k\u00f6n n\u00e4r pengarna tar slut.<\/p>\n<blockquote data-test-tag=\"blockquote\" class=\"blockquote-content_747c\"><p>pullquoteI Norge blev sl\u00f6seri en valfr\u00e5ga<\/p><\/blockquote>\n<p class=\"hyperion-css-1v9qo5x\"><strong>Fler politiker m\u00e5ste lyfta hur sl\u00f6seriet ska st\u00e4vjas under den kommande valr\u00f6relsen. I Norge blev sl\u00f6seri en valfr\u00e5ga \u2013 den unders\u00f6kning vi presenterar i dag visar att sl\u00f6seri borde bli en valfr\u00e5ga \u00e4ven h\u00e4r i Sverige.<\/strong><\/p>\n<p class=\"hyperion-css-1v9qo5x\">Det finns inget alexanderhugg som snabbt och enkelt kan komma tillr\u00e4tta med sl\u00f6seri. Men det finns mycket att g\u00f6ra. Kommunsektorn m\u00e5ste f\u00e5 en skarpare revision och l\u00e4ra av de mest effektiva. Rikspolitiker m\u00e5ste avst\u00e5 fr\u00e5n frestelsen att leka riskkapitalister med skattebetalarnas pengar och kalla det f\u00f6r industripolitik.<\/p>\n<p class=\"hyperion-css-1v9qo5x\"><strong>Varje politiker och tj\u00e4nsteman borde d\u00e4rut\u00f6ver p\u00e5minna sig om att pengarna man f\u00f6rvaltar inte har dykt upp ur intet; de har betalats in av f\u00f6retagare och deras anst\u00e4llda.<\/strong><\/p>\n<p class=\"hyperion-css-1v9qo5x\"><strong>Valr\u00f6relsen f\u00e5r d\u00e4rmed inte handla om hur mycket vi beh\u00f6ver h\u00f6ja<\/strong><br \/><strong>skatten, utan om hur vi f\u00e5r ut mesta m\u00f6jliga av varje skattekrona.<\/strong><\/p>\n<p><img decoding=\"async\" class=\"image-asset hyperion-css-u06ts1\" data-test-tag=\"image-asset\" src=\"https:\/\/www.europesays.com\/se\/wp-content\/uploads\/2026\/01\/1769778612_534_de9f2348-8035-4a2d-9763-a962274ff7de.png\"  alt=\"\"  loading=\"eager\" fetchpriority=\"high\" style=\"aspect-ratio:1401 \/ 38\"\/><\/p>\n<p class=\"hyperion-css-1v9qo5x\"><strong>Karl Ernlund<\/strong>, chefsekonom p\u00e5 F\u00f6retagarna<\/p>\n<p class=\"hyperion-css-1v9qo5x\"><a data-test-tag=\"internal-link\" href=\"https:\/\/www.aftonbladet.se\/tagg\/erik-bengtzboe\" class=\"hyperion-css-15jkft9\" rel=\"nofollow noopener\" target=\"\" theme=\"opinion\"><strong>Erik Bengtzboe<\/strong><\/a>, chefsekonom p\u00e5 <a data-test-tag=\"internal-link\" href=\"https:\/\/www.aftonbladet.se\/tagg\/skattebetalarnas-forening\" class=\"hyperion-css-15jkft9\" rel=\"nofollow noopener\" target=\"\" aria-label=\"Skattebetalarnas f\u00f6rening\" theme=\"opinion\">Skattebetalarnas f\u00f6rening<\/a><\/p>\n<p>expand-left<\/p>\n<p>helsk\u00e4rm<img decoding=\"async\" class=\"image-asset hyperion-css-u06ts1\" data-test-tag=\"image-asset\" src=\"https:\/\/www.europesays.com\/se\/wp-content\/uploads\/2026\/01\/e5f6a95a-cf03-4e2e-b960-b6faf41de6cd.jpeg\"  alt=\"Tre exempel som Skattebetalarna lyfter upp i \u00e5rets upplaga av t\u00e4vlingen \u201d\u00c5rets v\u00e4rsta sl\u00f6seri\u201d \u00e4r Kirunas miljardbadhus, Northvolts bidragsfinansierade konkurs och Sandvikens kommunala r\u00e4kodling, skriver undertecknarna.\"  loading=\"eager\" fetchpriority=\"high\" style=\"aspect-ratio:1200 \/ 627\"\/>Tre exempel som Skattebetalarna lyfter upp i \u00e5rets upplaga av t\u00e4vlingen \u201d\u00c5rets v\u00e4rsta sl\u00f6seri\u201d \u00e4r Kirunas miljardbadhus, Northvolts bidragsfinansierade konkurs och Sandvikens kommunala r\u00e4kodling, skriver undertecknarna.FAKTAS\u00e5 skriver du en debattartikel<\/p>\n<p class=\"hyperion-css-jonaf8\"><strong>Vill du ocks\u00e5 debattera? S\u00e5 h\u00e4r g\u00f6r du om du vill skicka in debattartiklar och ins\u00e4ndare till Aftonbladet Debatt.<\/strong><\/p>\n<p class=\"hyperion-css-jonaf8\">arrow Debattartikel:<\/p>\n<p class=\"hyperion-css-jonaf8\">Skriv runt 3 500 tecken inklusive blanksteg och mejla texten till debatt@aftonbladet.se<\/p>\n<p class=\"hyperion-css-jonaf8\">Skicka med bild p\u00e5 dig sj\u00e4lv och kontaktuppgifter. Vi l\u00e4ser och svarar s\u00e5 fort vi kan, oftast inom 24 timmar.<\/p>\n<p class=\"hyperion-css-jonaf8\">arrow Replik:<\/p>\n<p class=\"hyperion-css-jonaf8\">Skriv max 2 000 tecken inklusive blanksteg och mejla texten till debatt@aftonbladet.se<\/p>\n<p>L\u00e4s mer<\/p>\n","protected":false},"excerpt":{"rendered":"Ernlund och Bengtzboe: Riskerar bli som i Syditalien Detta \u00e4r en debattartikel. Det \u00e4r skribenten som st\u00e5r f\u00f6r&hellip;\n","protected":false},"author":2,"featured_media":151252,"comment_status":"","ping_status":"","sticky":false,"template":"","format":"standard","meta":{"footnotes":""},"categories":[12],"tags":[22,23,26,27,17,21,24,25,28,29,15,16,18,34,31,33,32,30,19,20],"class_list":{"0":"post-151251","1":"post","2":"type-post","3":"status-publish","4":"format-standard","5":"has-post-thumbnail","7":"category-sverige","8":"tag-breaking-news","9":"tag-breakingnews","10":"tag-featured-news","11":"tag-featurednews","12":"tag-headlines","13":"tag-huvudnyheter","14":"tag-latest-news","15":"tag-latestnews","16":"tag-main-news","17":"tag-mainnews","18":"tag-news","19":"tag-nyheter","20":"tag-rubriker","21":"tag-se","22":"tag-svenska","23":"tag-sverige","24":"tag-sweden","25":"tag-swedish","26":"tag-top-stories","27":"tag-topstories"},"share_on_mastodon":{"url":"https:\/\/pubeurope.com\/@se\/115984218529600615","error":""},"_links":{"self":[{"href":"https:\/\/www.europesays.com\/se\/wp-json\/wp\/v2\/posts\/151251","targetHints":{"allow":["GET"]}}],"collection":[{"href":"https:\/\/www.europesays.com\/se\/wp-json\/wp\/v2\/posts"}],"about":[{"href":"https:\/\/www.europesays.com\/se\/wp-json\/wp\/v2\/types\/post"}],"author":[{"embeddable":true,"href":"https:\/\/www.europesays.com\/se\/wp-json\/wp\/v2\/users\/2"}],"replies":[{"embeddable":true,"href":"https:\/\/www.europesays.com\/se\/wp-json\/wp\/v2\/comments?post=151251"}],"version-history":[{"count":0,"href":"https:\/\/www.europesays.com\/se\/wp-json\/wp\/v2\/posts\/151251\/revisions"}],"wp:featuredmedia":[{"embeddable":true,"href":"https:\/\/www.europesays.com\/se\/wp-json\/wp\/v2\/media\/151252"}],"wp:attachment":[{"href":"https:\/\/www.europesays.com\/se\/wp-json\/wp\/v2\/media?parent=151251"}],"wp:term":[{"taxonomy":"category","embeddable":true,"href":"https:\/\/www.europesays.com\/se\/wp-json\/wp\/v2\/categories?post=151251"},{"taxonomy":"post_tag","embeddable":true,"href":"https:\/\/www.europesays.com\/se\/wp-json\/wp\/v2\/tags?post=151251"}],"curies":[{"name":"wp","href":"https:\/\/api.w.org\/{rel}","templated":true}]}}