{"id":151253,"date":"2026-01-30T13:11:09","date_gmt":"2026-01-30T13:11:09","guid":{"rendered":"https:\/\/www.europesays.com\/se\/151253\/"},"modified":"2026-01-30T13:11:09","modified_gmt":"2026-01-30T13:11:09","slug":"gransovergangen-vid-rafah-ska-oppnas-viktigt-steg","status":"publish","type":"post","link":"https:\/\/www.europesays.com\/se\/151253\/","title":{"rendered":"Gr\u00e4ns\u00f6verg\u00e5ngen vid Rafah ska \u00f6ppnas \u2013 viktigt steg"},"content":{"rendered":"<p>Gr\u00e4ns\u00f6verg\u00e5ngen vid Rafah i Gaza kommer delvis \u00f6ppnas p\u00e5 s\u00f6ndag, uppger Israel enligt flera medier. Ett begr\u00e4nsat antal m\u00e4nniskor kommer att till\u00e5tas passera i b\u00e5da riktningar.<\/p>\n<p>Att delvis \u00f6ppna gr\u00e4nsen beskrivs som ett viktigt steg i fredsplanen f\u00f6r Gaza. Gr\u00e4nsen har i stort sett varit st\u00e4ngd under n\u00e4stan tv\u00e5 \u00e5rs tid.<\/p>\n<p>Egypten kommer att vara med och koordinera tillst\u00e5nd f\u00f6r in- och uttr\u00e4de till Gazaremsan. Under uppsyn fr\u00e5n EU kommer s\u00e4kerhetskontroller genomf\u00f6ras p\u00e5 dem som vill passera gr\u00e4nsen.<\/p>\n<p>Omni \u00e4r politiskt obundna och oberoende. Vi str\u00e4var efter att ge fler perspektiv p\u00e5 nyheterna. Har du fr\u00e5gor eller synpunkter kring v\u00e5r rapportering? <a href=\"https:\/\/omni.se\/gransovergangen-vid-rafah-i-gaza-oppnas-pa-sondag\/a\/mailto:redaktion@omni.se\" class=\"ArticleActions_contactLink__W2F1M\" rel=\"nofollow noopener\" target=\"_blank\">Kontakta redaktionen<\/a><\/p>\n","protected":false},"excerpt":{"rendered":"Gr\u00e4ns\u00f6verg\u00e5ngen vid Rafah i Gaza kommer delvis \u00f6ppnas p\u00e5 s\u00f6ndag, uppger Israel enligt flera medier. Ett begr\u00e4nsat antal&hellip;\n","protected":false},"author":2,"featured_media":151254,"comment_status":"","ping_status":"","sticky":false,"template":"","format":"standard","meta":{"footnotes":""},"categories":[5],"tags":[22,23,1489,73,26,27,121,17,21,342,24,25,28,29,124,125,15,16,18,34,31,33,32,30,19,20],"class_list":{"0":"post-151253","1":"post","2":"type-post","3":"status-publish","4":"format-standard","5":"has-post-thumbnail","7":"category-rubriker","8":"tag-breaking-news","9":"tag-breakingnews","10":"tag-egypten","11":"tag-eu","12":"tag-featured-news","13":"tag-featurednews","14":"tag-gaza","15":"tag-headlines","16":"tag-huvudnyheter","17":"tag-israel","18":"tag-latest-news","19":"tag-latestnews","20":"tag-main-news","21":"tag-mainnews","22":"tag-mellanostern","23":"tag-mellanosternkrisen","24":"tag-news","25":"tag-nyheter","26":"tag-rubriker","27":"tag-se","28":"tag-svenska","29":"tag-sverige","30":"tag-sweden","31":"tag-swedish","32":"tag-top-stories","33":"tag-topstories"},"share_on_mastodon":{"url":"https:\/\/pubeurope.com\/@se\/115984222307200621","error":""},"_links":{"self":[{"href":"https:\/\/www.europesays.com\/se\/wp-json\/wp\/v2\/posts\/151253","targetHints":{"allow":["GET"]}}],"collection":[{"href":"https:\/\/www.europesays.com\/se\/wp-json\/wp\/v2\/posts"}],"about":[{"href":"https:\/\/www.europesays.com\/se\/wp-json\/wp\/v2\/types\/post"}],"author":[{"embeddable":true,"href":"https:\/\/www.europesays.com\/se\/wp-json\/wp\/v2\/users\/2"}],"replies":[{"embeddable":true,"href":"https:\/\/www.europesays.com\/se\/wp-json\/wp\/v2\/comments?post=151253"}],"version-history":[{"count":0,"href":"https:\/\/www.europesays.com\/se\/wp-json\/wp\/v2\/posts\/151253\/revisions"}],"wp:featuredmedia":[{"embeddable":true,"href":"https:\/\/www.europesays.com\/se\/wp-json\/wp\/v2\/media\/151254"}],"wp:attachment":[{"href":"https:\/\/www.europesays.com\/se\/wp-json\/wp\/v2\/media?parent=151253"}],"wp:term":[{"taxonomy":"category","embeddable":true,"href":"https:\/\/www.europesays.com\/se\/wp-json\/wp\/v2\/categories?post=151253"},{"taxonomy":"post_tag","embeddable":true,"href":"https:\/\/www.europesays.com\/se\/wp-json\/wp\/v2\/tags?post=151253"}],"curies":[{"name":"wp","href":"https:\/\/api.w.org\/{rel}","templated":true}]}}