{"id":151260,"date":"2026-01-30T13:19:07","date_gmt":"2026-01-30T13:19:07","guid":{"rendered":"https:\/\/www.europesays.com\/se\/151260\/"},"modified":"2026-01-30T13:19:07","modified_gmt":"2026-01-30T13:19:07","slug":"intellego-fel-pa-640-miljoner","status":"publish","type":"post","link":"https:\/\/www.europesays.com\/se\/151260\/","title":{"rendered":"Intellego: Fel p\u00e5 640 miljoner"},"content":{"rendered":"<p>\u201dDet st\u00e5r klart att den tidigare verkst\u00e4llande direkt\u00f6ren kringgick samtliga kontrollmekanismer, inklusive styrelsens tillsyn. Vi blev alla vilseledda av en skicklig bedragare\u201d, s\u00e4ger Greg Batcheller, styrelseordf\u00f6rande i Intellego i ett pressmeddelande.<\/p>\n<p>Stats\u00e5klagare Thomas Hertz, som utreder bolaget, har beg\u00e4rt ytterligare f\u00f6rl\u00e4ngt resef\u00f6rbud f\u00f6r den tidigare vd:n Claes Lindahl som misst\u00e4nks f\u00f6r bland annat grovt svindleri. Han har \u00e4ven beg\u00e4rt f\u00f6rl\u00e4ngd kvarstad p\u00e5 230 miljoner kronor.<\/p>\n","protected":false},"excerpt":{"rendered":"\u201dDet st\u00e5r klart att den tidigare verkst\u00e4llande direkt\u00f6ren kringgick samtliga kontrollmekanismer, inklusive styrelsens tillsyn. Vi blev alla vilseledda&hellip;\n","protected":false},"author":2,"featured_media":151261,"comment_status":"","ping_status":"","sticky":false,"template":"","format":"standard","meta":{"footnotes":""},"categories":[5],"tags":[22,23,26,27,17,21,24,25,28,29,15,16,18,34,31,33,32,30,19,20],"class_list":{"0":"post-151260","1":"post","2":"type-post","3":"status-publish","4":"format-standard","5":"has-post-thumbnail","7":"category-rubriker","8":"tag-breaking-news","9":"tag-breakingnews","10":"tag-featured-news","11":"tag-featurednews","12":"tag-headlines","13":"tag-huvudnyheter","14":"tag-latest-news","15":"tag-latestnews","16":"tag-main-news","17":"tag-mainnews","18":"tag-news","19":"tag-nyheter","20":"tag-rubriker","21":"tag-se","22":"tag-svenska","23":"tag-sverige","24":"tag-sweden","25":"tag-swedish","26":"tag-top-stories","27":"tag-topstories"},"share_on_mastodon":{"url":"https:\/\/pubeurope.com\/@se\/115984253803362880","error":""},"_links":{"self":[{"href":"https:\/\/www.europesays.com\/se\/wp-json\/wp\/v2\/posts\/151260","targetHints":{"allow":["GET"]}}],"collection":[{"href":"https:\/\/www.europesays.com\/se\/wp-json\/wp\/v2\/posts"}],"about":[{"href":"https:\/\/www.europesays.com\/se\/wp-json\/wp\/v2\/types\/post"}],"author":[{"embeddable":true,"href":"https:\/\/www.europesays.com\/se\/wp-json\/wp\/v2\/users\/2"}],"replies":[{"embeddable":true,"href":"https:\/\/www.europesays.com\/se\/wp-json\/wp\/v2\/comments?post=151260"}],"version-history":[{"count":0,"href":"https:\/\/www.europesays.com\/se\/wp-json\/wp\/v2\/posts\/151260\/revisions"}],"wp:featuredmedia":[{"embeddable":true,"href":"https:\/\/www.europesays.com\/se\/wp-json\/wp\/v2\/media\/151261"}],"wp:attachment":[{"href":"https:\/\/www.europesays.com\/se\/wp-json\/wp\/v2\/media?parent=151260"}],"wp:term":[{"taxonomy":"category","embeddable":true,"href":"https:\/\/www.europesays.com\/se\/wp-json\/wp\/v2\/categories?post=151260"},{"taxonomy":"post_tag","embeddable":true,"href":"https:\/\/www.europesays.com\/se\/wp-json\/wp\/v2\/tags?post=151260"}],"curies":[{"name":"wp","href":"https:\/\/api.w.org\/{rel}","templated":true}]}}