{"id":151268,"date":"2026-01-30T13:27:13","date_gmt":"2026-01-30T13:27:13","guid":{"rendered":"https:\/\/www.europesays.com\/se\/151268\/"},"modified":"2026-01-30T13:27:13","modified_gmt":"2026-01-30T13:27:13","slug":"vi-har-lyssnat-styrelsen-aterkallar-beslut-och-inleder-nytt-arbete","status":"publish","type":"post","link":"https:\/\/www.europesays.com\/se\/151268\/","title":{"rendered":"\u201cVi har lyssnat\u201d &#8211; Styrelsen \u00e5terkallar beslut och inleder nytt arbete"},"content":{"rendered":"<p class=\"normal\">Ridsportens anpassning till Riksidrottsf\u00f6rbundets riktlinjer f\u00f6r barn och ungdomsidrott har legat p\u00e5 v\u00e5rt bord i mer \u00e4n tio \u00e5r. Under h\u00f6sten 2025 ans\u00e5gs fr\u00e5gan vara mogen att ta till beslut. Men sedan publicering av beslutet om en 13-\u00e5rsgr\u00e4ns f\u00f6r t\u00e4vling p\u00e5 elitniv\u00e5 har det v\u00e4ckts fr\u00e5gor om processen har g\u00e5tt r\u00e4tt till, och om f\u00f6rankringsarbetet varit tillr\u00e4ckligt.<\/p>\n<p class=\"normal\">&#8211; Det h\u00e4r har v\u00e4ckt stort engagemang i ridsportsverige. Den senaste tiden har fokus hamnat p\u00e5 f\u00f6rtroende och process ist\u00e4llet f\u00f6r den viktiga k\u00e4rnfr\u00e5gan om barns t\u00e4vlande. V\u00e5r uppfattning n\u00e4r vi tog beslutet var att fr\u00e5gan, som har diskuterats i m\u00e5nga \u00e5r, var tillr\u00e4ckligt genomarbetad f\u00f6r att implementeras i samr\u00e5d med T\u00e4vlingssektionen och grenkommitt\u00e9erna. D\u00e4r gjorde vi en felbed\u00f6mning. Det tar vi nu ansvar f\u00f6r, s\u00e4ger Sandra Ruuda.<\/p>\n<p class=\"normal\">F\u00f6rbundsstyrelsen har i n\u00e4ra samverkan med ridsportens 19 distrikt analyserat situationen och kommit fram till att processen bakom beslutet inte varit tillr\u00e4cklig och att det d\u00e4rf\u00f6r beh\u00f6ver g\u00f6ras ett omtag.<\/p>\n<p class=\"normal\">&#8211; Genom v\u00e5ra distrikt och de m\u00e5nga dialogm\u00f6ten som \u00e4gt rum runt om i landet, har v\u00e5ra medlemmar kunnat g\u00f6ra sina r\u00f6ster h\u00f6rda. Den dialogen \u00e4r viktig att forts\u00e4tta i arbetet som nu ligger framf\u00f6r oss, s\u00e4ger Sandra Ruuda.<\/p>\n<p class=\"normal\">Svenska Ridsportf\u00f6rbundet p\u00e5b\u00f6rjar nu ett nytt arbete med att anpassa ridsportens t\u00e4vlingsreglemente till Riksidrottsf\u00f6rbundets riktlinjer f\u00f6r barn- och ungdomsidrott. I den processen ska ber\u00f6rda akt\u00f6rer som till exempel distrikt, f\u00f6reningar och grenkommitt\u00e9er finnas med i beredningen. Resultatet av arbetet ska implementeras i TR senast 2029.<\/p>\n<p class=\"normal\">&#8211; Ridsporten \u00e4r en folkr\u00f6relse och en av Sveriges st\u00f6rsta ungdomsidrotter. Med det f\u00f6ljer ocks\u00e5 ett stort ansvar att i alla l\u00e4gen arbeta f\u00f6r barn och ungas b\u00e4sta. D\u00e4rf\u00f6r \u00e4r det viktigt f\u00f6r oss att ta det h\u00e4r omtaget tillsammans med hela v\u00e5r organisation och g\u00f6ra en ordentlig genomlysning av t\u00e4vlingsverksamheten med barnens perspektiv i fokus, s\u00e4ger Sandra Ruuda.<\/p>\n<p class=\"normal\"><strong>F\u00f6rbundsstyrelsens beslut vid m\u00f6te 2<\/strong><strong>9 januari 2026:<\/strong><\/p>\n<ul class=\" env-text-list normal\">\n<li>Att \u00e5terkalla beslut fr\u00e5n FS-m\u00f6te 251022 paragraf 11 avseende reglering av t\u00e4vlande.<\/li>\n<\/ul>\n<ul class=\" env-text-list normal\">\n<li>Att p\u00e5b\u00f6rja arbetet med att utifr\u00e5n ridsportens f\u00f6ruts\u00e4ttningar anpassa Svenska Ridsportf\u00f6rbundets t\u00e4vlingsreglemente till Riksidrottsf\u00f6rbundets riktlinjer f\u00f6r barn- och ungdomsidrott med implementering senast 2029.<\/li>\n<\/ul>\n<ul class=\" env-text-list normal\">\n<li>Att involvera representanter f\u00f6r ber\u00f6rda akt\u00f6rer exempelvis distrikt, f\u00f6reningar och grenkommitt\u00e9er i arbetet och beredningen. Konsekvensanalyser, f\u00f6reslagna \u00e4ndringar samt eventuella undantag ska f\u00f6redras f\u00f6r f\u00f6rbundsstyrelsen f\u00f6r fortsatt hantering i god tid innan implementering.<\/li>\n<\/ul>\n<p class=\"normal\">Beslutet var enh\u00e4lligt.<\/p>\n","protected":false},"excerpt":{"rendered":"Ridsportens anpassning till Riksidrottsf\u00f6rbundets riktlinjer f\u00f6r barn och ungdomsidrott har legat p\u00e5 v\u00e5rt bord i mer \u00e4n tio&hellip;\n","protected":false},"author":2,"featured_media":151269,"comment_status":"","ping_status":"","sticky":false,"template":"","format":"standard","meta":{"footnotes":""},"categories":[5],"tags":[22,23,26,27,17,21,24,25,28,29,15,16,18,34,31,33,32,30,19,20],"class_list":{"0":"post-151268","1":"post","2":"type-post","3":"status-publish","4":"format-standard","5":"has-post-thumbnail","7":"category-rubriker","8":"tag-breaking-news","9":"tag-breakingnews","10":"tag-featured-news","11":"tag-featurednews","12":"tag-headlines","13":"tag-huvudnyheter","14":"tag-latest-news","15":"tag-latestnews","16":"tag-main-news","17":"tag-mainnews","18":"tag-news","19":"tag-nyheter","20":"tag-rubriker","21":"tag-se","22":"tag-svenska","23":"tag-sverige","24":"tag-sweden","25":"tag-swedish","26":"tag-top-stories","27":"tag-topstories"},"share_on_mastodon":{"url":"https:\/\/pubeurope.com\/@se\/115984285265270823","error":""},"_links":{"self":[{"href":"https:\/\/www.europesays.com\/se\/wp-json\/wp\/v2\/posts\/151268","targetHints":{"allow":["GET"]}}],"collection":[{"href":"https:\/\/www.europesays.com\/se\/wp-json\/wp\/v2\/posts"}],"about":[{"href":"https:\/\/www.europesays.com\/se\/wp-json\/wp\/v2\/types\/post"}],"author":[{"embeddable":true,"href":"https:\/\/www.europesays.com\/se\/wp-json\/wp\/v2\/users\/2"}],"replies":[{"embeddable":true,"href":"https:\/\/www.europesays.com\/se\/wp-json\/wp\/v2\/comments?post=151268"}],"version-history":[{"count":0,"href":"https:\/\/www.europesays.com\/se\/wp-json\/wp\/v2\/posts\/151268\/revisions"}],"wp:featuredmedia":[{"embeddable":true,"href":"https:\/\/www.europesays.com\/se\/wp-json\/wp\/v2\/media\/151269"}],"wp:attachment":[{"href":"https:\/\/www.europesays.com\/se\/wp-json\/wp\/v2\/media?parent=151268"}],"wp:term":[{"taxonomy":"category","embeddable":true,"href":"https:\/\/www.europesays.com\/se\/wp-json\/wp\/v2\/categories?post=151268"},{"taxonomy":"post_tag","embeddable":true,"href":"https:\/\/www.europesays.com\/se\/wp-json\/wp\/v2\/tags?post=151268"}],"curies":[{"name":"wp","href":"https:\/\/api.w.org\/{rel}","templated":true}]}}