{"id":151273,"date":"2026-01-30T13:33:16","date_gmt":"2026-01-30T13:33:16","guid":{"rendered":"https:\/\/www.europesays.com\/se\/151273\/"},"modified":"2026-01-30T13:33:16","modified_gmt":"2026-01-30T13:33:16","slug":"uppgifter-vapenvila-vid-energiinfrastruktur","status":"publish","type":"post","link":"https:\/\/www.europesays.com\/se\/151273\/","title":{"rendered":"Uppgifter: Vapenvila vid energiinfrastruktur"},"content":{"rendered":"<p>Uppgifter hos ryska milit\u00e4rbloggare och i ukrainska Telegramkanaler g\u00f6r g\u00e4llande att Ukraina och Ryssland \u00e4r \u00f6verens om att inte attackera varandras energiinfrastruktur. Det rapporterar Moscow Times.<\/p>\n<p>En vapenvila om just energiinfrastruktur ska enligt Financial Times ha varit p\u00e5 bordet under f\u00f6rra veckans trepartssamtal i Abu Dhabi.<\/p>\n<p>Uppgifterna \u00e4r inte bekr\u00e4ftade fr\u00e5n officiellt h\u00e5ll.<\/p>\n<p>Omni \u00e4r politiskt obundna och oberoende. Vi str\u00e4var efter att ge fler perspektiv p\u00e5 nyheterna. Har du fr\u00e5gor eller synpunkter kring v\u00e5r rapportering? <a href=\"https:\/\/omni.se\/uppgifter-vapenvila-vid-energiinfrastruktur\/a\/mailto:redaktion@omni.se\" class=\"ArticleActions_contactLink__W2F1M\" rel=\"nofollow noopener\" target=\"_blank\">Kontakta redaktionen<\/a><\/p>\n","protected":false},"excerpt":{"rendered":"Uppgifter hos ryska milit\u00e4rbloggare och i ukrainska Telegramkanaler g\u00f6r g\u00e4llande att Ukraina och Ryssland \u00e4r \u00f6verens om att&hellip;\n","protected":false},"author":2,"featured_media":151274,"comment_status":"","ping_status":"","sticky":false,"template":"","format":"standard","meta":{"footnotes":""},"categories":[14],"tags":[22,23,267,26,27,17,21,24,25,28,29,15,16,18,269,264,34,31,33,32,30,19,20,263,51,52,53,54],"class_list":{"0":"post-151273","1":"post","2":"type-post","3":"status-publish","4":"format-standard","5":"has-post-thumbnail","7":"category-varlden","8":"tag-breaking-news","9":"tag-breakingnews","10":"tag-europa","11":"tag-featured-news","12":"tag-featurednews","13":"tag-headlines","14":"tag-huvudnyheter","15":"tag-latest-news","16":"tag-latestnews","17":"tag-main-news","18":"tag-mainnews","19":"tag-news","20":"tag-nyheter","21":"tag-rubriker","22":"tag-ryska-invasionen","23":"tag-ryssland","24":"tag-se","25":"tag-svenska","26":"tag-sverige","27":"tag-sweden","28":"tag-swedish","29":"tag-top-stories","30":"tag-topstories","31":"tag-ukraina","32":"tag-varlden","33":"tag-world","34":"tag-world-news","35":"tag-worldnews"},"share_on_mastodon":{"url":"https:\/\/pubeurope.com\/@se\/115984309067625405","error":""},"_links":{"self":[{"href":"https:\/\/www.europesays.com\/se\/wp-json\/wp\/v2\/posts\/151273","targetHints":{"allow":["GET"]}}],"collection":[{"href":"https:\/\/www.europesays.com\/se\/wp-json\/wp\/v2\/posts"}],"about":[{"href":"https:\/\/www.europesays.com\/se\/wp-json\/wp\/v2\/types\/post"}],"author":[{"embeddable":true,"href":"https:\/\/www.europesays.com\/se\/wp-json\/wp\/v2\/users\/2"}],"replies":[{"embeddable":true,"href":"https:\/\/www.europesays.com\/se\/wp-json\/wp\/v2\/comments?post=151273"}],"version-history":[{"count":0,"href":"https:\/\/www.europesays.com\/se\/wp-json\/wp\/v2\/posts\/151273\/revisions"}],"wp:featuredmedia":[{"embeddable":true,"href":"https:\/\/www.europesays.com\/se\/wp-json\/wp\/v2\/media\/151274"}],"wp:attachment":[{"href":"https:\/\/www.europesays.com\/se\/wp-json\/wp\/v2\/media?parent=151273"}],"wp:term":[{"taxonomy":"category","embeddable":true,"href":"https:\/\/www.europesays.com\/se\/wp-json\/wp\/v2\/categories?post=151273"},{"taxonomy":"post_tag","embeddable":true,"href":"https:\/\/www.europesays.com\/se\/wp-json\/wp\/v2\/tags?post=151273"}],"curies":[{"name":"wp","href":"https:\/\/api.w.org\/{rel}","templated":true}]}}