{"id":151275,"date":"2026-01-30T13:34:07","date_gmt":"2026-01-30T13:34:07","guid":{"rendered":"https:\/\/www.europesays.com\/se\/151275\/"},"modified":"2026-01-30T13:34:07","modified_gmt":"2026-01-30T13:34:07","slug":"interna-vadjan-i-liberalerna-efter-krissiffran-riv-sd-plastret","status":"publish","type":"post","link":"https:\/\/www.europesays.com\/se\/151275\/","title":{"rendered":"Interna v\u00e4djan i Liberalerna efter krissiffran: Riv SD-pl\u00e5stret"},"content":{"rendered":"<p>Krisande Liberalerna f\u00f6rs\u00f6ker desperat hitta en l\u00f6sning f\u00f6r att stoppa v\u00e4ljarflykten.<\/p>\n<p>Internt talas om risk f\u00f6r massavhopp om ingenting f\u00f6r\u00e4ndras.<\/p>\n<p>\u2013\u00a0Alla som har Simonas \u00f6ra s\u00e4ger nu \u201driv SD-pl\u00e5stret\u201d, s\u00e4ger en L-f\u00f6retr\u00e4dare.<\/p>\n<p><img   alt=\"\"\/><\/p>\n<p>Fr\u00e5gan om samarbetet med Jimmie \u00c5kessons SD har varit en stor konfliktyta i Liberalerna.<\/p>\n<p>Foto: LISA MATTISSON<\/p>\n<p>\u00d6ppna bild i helsk\u00e4rm<img loading=\"lazy\"   alt=\"\"\/><\/p>\n<p>Opinionsl\u00e4get f\u00f6r Liberalerna \u00e4r allvarligt, har partiledaren Simona Mohamsson upprepat.<\/p>\n<p>Foto: Lars Schr\u00f6der\/TT<\/p>\n<p>\u00d6ppna bild i helsk\u00e4rmArtikeln i korthet<\/p>\n<p> Liberalernas kris \u00e4r djup och nu diskuteras olika l\u00f6sningar f\u00f6r att hejda v\u00e4ljarflykten internt.<\/p>\n<p> Bland L-f\u00f6retr\u00e4darna n\u00e4mns l\u00f6sningar som att riva Tid\u00f6avtalet nu, att omfamna SD-samarbetet och att bredda partiets profil.<\/p>\n<p> \u00c4ven partiledaren Simona Mohamssons framtid diskuteras.<\/p>\n<p>Visa mer<\/p>\n<p>I m\u00e4tning efter m\u00e4tning <a href=\"https:\/\/www.expressen.se\/nyheter\/politik\/skracksiffran-for-liberalerna-i-ny-matning\/\" rel=\"nofollow noopener\" target=\"_blank\">noteras Liberalerna f\u00f6r krissiffror<\/a> och partiet riskerar att \u00e5ka ur riksdagen.<\/p>\n<p>Redan nu st\u00e5r det klart att L drabbats av flera tunga avhopp inf\u00f6r n\u00e4sta mandatperiod.<\/p>\n<p>P\u00e5 fredagen gick m\u00e5ng\u00e5riga riksdagsledamoten Gulan Avci, f\u00f6rsvarspolitisk talesperson, ut med att hon <a href=\"https:\/\/www.expressen.se\/nyheter\/politik\/gulan-avci-kandiderar-inte-nasta-riksdagsval\/\" rel=\"nofollow noopener\" target=\"_blank\">inte st\u00e4ller upp f\u00f6r omval<\/a> i h\u00f6st. Och sedan tidigare har skolpolitiske talespersonen Fredrik Malm<a href=\"https:\/\/www.expressen.se\/nyheter\/expressen-direkt\/?post=fef4e4e3-35f4-455d-9bab-29e39360bef4\" rel=\"nofollow noopener\" target=\"_blank\"> sagt samma sak<\/a>.<\/p>\n<p>Inom L finns en utbredd uppfattning om att fler avhopp \u00e4r att v\u00e4nta \u2013 om inte partiets l\u00e4ge b\u00f6rjar f\u00f6rb\u00e4ttras.<\/p>\n<p>\u2013 M\u00e5nga funderar \u00f6ver sin framtid och f\u00f6rs\u00f6rjning, s\u00e4ger en L-k\u00e4lla.<\/p>\n<p>Sjunkande skepp<\/p>\n<p>Expressen har ringt runt bland liberala f\u00f6retr\u00e4dare och uppgivenheten \u00e4r utbredd.\u00a0<\/p>\n<p>N\u00e5gra framh\u00e5ller att det inte finns fler kris\u00e5tg\u00e4rder att ta till och att tiden fram till valet \u00e4r f\u00f6r knapp.<\/p>\n<p>\u2013 Jag ser skeppet sjunka djupare f\u00f6r varje dag, s\u00e4ger en.<\/p>\n<p>\u2013 Jag saknar f\u00f6rtroende f\u00f6r Simona. Men ingen annan vill ju leda partiet, s\u00e4ger en annan.<\/p>\n<p>Att det \u00e4r SD-samarbetet som f\u00f6rklarar krisen \u00e4r en vanlig uppfattning. B\u00e5de personer som f\u00f6rordar samarbetet och de som inte alls gillar det lyfter detta.<\/p>\n<p>Samtidigt \u00e4r det ocks\u00e5 h\u00e4r de som \u00e4nnu inte gett upp ser en m\u00f6jlig utv\u00e4g. Men hur den ser ut splittrar f\u00f6retr\u00e4darna.<\/p>\n<p>Att bryta Tid\u00f6avtalet och l\u00e4mna regeringen, \u00e4r en l\u00f6sning som n\u00e4mns.<\/p>\n<p>\u2013\u00a0Det skulle \u00e5teruppr\u00e4tta bilden av oss som en motkraft till nationalism och fr\u00e4mlingsfientlighet, s\u00e4ger en liberal.<\/p>\n<p>Det andra alternativet \u00e4r det motsatta \u2013\u00a0att acceptera SD-samarbetet fullt ut.<\/p>\n<p>\u2013\u00a0Folk som har Simonas \u00f6ra b\u00f6rjar nu prata om att vi borde riva SD-pl\u00e5stret och slopa de r\u00f6da linjerna. Men d\u00e5 kommer fler tunga avhopp, s\u00e4ger en central partik\u00e4lla.<\/p>\n<p>Kan beh\u00f6va g\u00e5<\/p>\n<p>En f\u00f6rsv\u00e5rande faktor, som flera n\u00e4mner, \u00e4r att Simona Mohamsson sj\u00e4lv \u00e4r s\u00e5 investerad i den linje som <a href=\"https:\/\/www.expressen.se\/nyheter\/politik\/uppgifter-l-sager-nej-till-sd-i-regering\/\" rel=\"nofollow noopener\" target=\"_blank\">antogs p\u00e5 Landsm\u00f6tet i h\u00f6stas<\/a>.\u00a0<\/p>\n<p>Den g\u00e5r ut p\u00e5 ett ja till ett nytt Tid\u00f6avtal n\u00e4sta mandatperiod, men nej till SD-ministrar.<\/p>\n<p>\u2013 Byter vi fot kan Simona och stora delar av partiledningen beh\u00f6va bytas ut, s\u00e4ger en L-k\u00e4lla.<\/p>\n<p>Samtidigt ser andra en tredje v\u00e4g \u2013 att det \u00e4r politiken som kan r\u00e4dda L.\u00a0<\/p>\n<p>Ju n\u00e4rmare valet kommer desto st\u00f6rre blir v\u00e4ljarnas intresse, resonerar man.<\/p>\n<p>M\u00e5ng\u00e5rige partiprofilen Carl B Hamilton \u00e4r en av dem. Han tror att l\u00f6sningen finns i att bredda L:s profil, till exempel med fr\u00e5gor som r\u00f6r s\u00e4kerheten i Europa i ett skakigt omv\u00e4rldsl\u00e4ge.<\/p>\n<p>\u2013 V\u00e4ljarna vet att vi \u00e4r f\u00f6r Europa och samarbeten. Vi \u00e4r trov\u00e4rdiga i den fr\u00e5gan, s\u00e4ger han.<\/p>\n<p>Simona Mohamsson sj\u00e4lv har tidigare sagt att L ofta har varit utr\u00e4knat, men brukar komma tillbaka.<\/p>\n<p>Hon ser <a href=\"https:\/\/www.expressen.se\/nyheter\/politik\/mohamsson-ge-larare-mer-makt\/\" rel=\"nofollow noopener\" target=\"_blank\">l\u00f6sningen i skolfr\u00e5gan<\/a>.<\/p>\n<p>\u2013\u00a0Det ska inte r\u00e5da n\u00e5gon tvekan n\u00e4r v\u00e4ljarna g\u00e5r f\u00f6r att r\u00f6sta. Det finns bara ett enda skolparti i Sveriges riksdag och det \u00e4r <a href=\"https:\/\/www.expressen.se\/tagg\/organization\/liberalerna\/\" class=\"\" rel=\"nofollow noopener\" target=\"_blank\">Liberalerna<\/a>, har hon tidigare sagt.<\/p>\n<p>Expressen s\u00f6ker partisekreteraren Fredrik Brange.<\/p>\n","protected":false},"excerpt":{"rendered":"Krisande Liberalerna f\u00f6rs\u00f6ker desperat hitta en l\u00f6sning f\u00f6r att stoppa v\u00e4ljarflykten. Internt talas om risk f\u00f6r massavhopp om&hellip;\n","protected":false},"author":2,"featured_media":151276,"comment_status":"","ping_status":"","sticky":false,"template":"","format":"standard","meta":{"footnotes":""},"categories":[12],"tags":[22,23,26,27,17,21,24,25,28,29,15,3464,16,618,43,650,18,34,583,31,33,32,30,19,152,486,20],"class_list":{"0":"post-151275","1":"post","2":"type-post","3":"status-publish","4":"format-standard","5":"has-post-thumbnail","7":"category-sverige","8":"tag-breaking-news","9":"tag-breakingnews","10":"tag-featured-news","11":"tag-featurednews","12":"tag-headlines","13":"tag-huvudnyheter","14":"tag-latest-news","15":"tag-latestnews","16":"tag-main-news","17":"tag-mainnews","18":"tag-news","19":"tag-newsstory-val-2026","20":"tag-nyheter","21":"tag-organization-liberalerna","22":"tag-organization-regeringen","23":"tag-person-simona-mohamsson","24":"tag-rubriker","25":"tag-se","26":"tag-sections-politik","27":"tag-svenska","28":"tag-sverige","29":"tag-sweden","30":"tag-swedish","31":"tag-top-stories","32":"tag-topic-inrikespolitik","33":"tag-topic-opinionsmatningar","34":"tag-topstories"},"share_on_mastodon":{"url":"https:\/\/pubeurope.com\/@se\/115984312861544351","error":""},"_links":{"self":[{"href":"https:\/\/www.europesays.com\/se\/wp-json\/wp\/v2\/posts\/151275","targetHints":{"allow":["GET"]}}],"collection":[{"href":"https:\/\/www.europesays.com\/se\/wp-json\/wp\/v2\/posts"}],"about":[{"href":"https:\/\/www.europesays.com\/se\/wp-json\/wp\/v2\/types\/post"}],"author":[{"embeddable":true,"href":"https:\/\/www.europesays.com\/se\/wp-json\/wp\/v2\/users\/2"}],"replies":[{"embeddable":true,"href":"https:\/\/www.europesays.com\/se\/wp-json\/wp\/v2\/comments?post=151275"}],"version-history":[{"count":0,"href":"https:\/\/www.europesays.com\/se\/wp-json\/wp\/v2\/posts\/151275\/revisions"}],"wp:featuredmedia":[{"embeddable":true,"href":"https:\/\/www.europesays.com\/se\/wp-json\/wp\/v2\/media\/151276"}],"wp:attachment":[{"href":"https:\/\/www.europesays.com\/se\/wp-json\/wp\/v2\/media?parent=151275"}],"wp:term":[{"taxonomy":"category","embeddable":true,"href":"https:\/\/www.europesays.com\/se\/wp-json\/wp\/v2\/categories?post=151275"},{"taxonomy":"post_tag","embeddable":true,"href":"https:\/\/www.europesays.com\/se\/wp-json\/wp\/v2\/tags?post=151275"}],"curies":[{"name":"wp","href":"https:\/\/api.w.org\/{rel}","templated":true}]}}