{"id":151277,"date":"2026-01-30T13:35:11","date_gmt":"2026-01-30T13:35:11","guid":{"rendered":"https:\/\/www.europesays.com\/se\/151277\/"},"modified":"2026-01-30T13:35:11","modified_gmt":"2026-01-30T13:35:11","slug":"mordmisstankt-12-aring-drar-tillbaka-erkannande","status":"publish","type":"post","link":"https:\/\/www.europesays.com\/se\/151277\/","title":{"rendered":"Mordmisst\u00e4nkt 12-\u00e5ring drar tillbaka erk\u00e4nnande"},"content":{"rendered":"<p class=\"boxtextgrotesk-root_baa6 hyperion-css-7pajle\">Uppdaterad 13.02 | Publicerad 12.54<\/p>\n<p>share-arrowDela<\/p>\n<p>unsaveSpara<\/p>\n<p>expand-left<\/p>\n<p>helsk\u00e4rm<img decoding=\"async\" class=\"image-asset hyperion-css-u06ts1\" data-test-tag=\"image-asset\" src=\"https:\/\/www.europesays.com\/se\/wp-content\/uploads\/2026\/01\/d49fca61-fdb1-4f99-a1d4-aad8a91e2535.jpeg\"  alt=\"Polis och kriminaltekniker p\u00e5 plats efter att en 21-\u00e5ring skjutits ihj\u00e4l i en bil i Malm\u00f6. Arkivbild.\"  loading=\"eager\" fetchpriority=\"high\" style=\"aspect-ratio:1900 \/ 1245\"\/>Polis och kriminaltekniker p\u00e5 plats efter att en 21-\u00e5ring skjutits ihj\u00e4l i en bil i Malm\u00f6. Arkivbild. Foto: Johan Nilsson \/ TT<\/p>\n<p class=\"hyperion-css-1shl3oz\" data-test-tag=\"lead-text\">En 12-\u00e5rig pojke som tidigare erk\u00e4nt en d\u00f6dsskjutning i Oxie i Malm\u00f6 i december har dragit tillbaka sitt erk\u00e4nnande, rapporterar P3 Krim.<\/p>\n<p class=\"hyperion-css-1v9qo5x\">Enligt en dom fr\u00e5n f\u00f6rvaltningsr\u00e4tten ska 12-\u00e5ringen ha sagt att han tagit p\u00e5 sig mordet \u201dmot viss ers\u00e4ttning\u201d, rapporterar radion.<\/p>\n<p class=\"hyperion-css-1v9qo5x\">H\u00e4ndelsen fick stor uppm\u00e4rksamhet d\u00e5 pojken \u00e4r den yngste personen som har misst\u00e4nkts f\u00f6r en d\u00f6dsskjutning i Sverige. Pojken kontaktade sj\u00e4lv polisen efter\u00e5t och har omh\u00e4ndertagits av socialtj\u00e4nsten.<\/p>\n<p class=\"hyperion-css-1v9qo5x\">Det var vid 23-tiden den 12 december som en man sk\u00f6ts ihj\u00e4l i en bil. Flera personer befann sig i bilen n\u00e4r den besk\u00f6ts.<\/p>\n","protected":false},"excerpt":{"rendered":"Uppdaterad 13.02 | Publicerad 12.54 share-arrowDela unsaveSpara expand-left helsk\u00e4rmPolis och kriminaltekniker p\u00e5 plats efter att en 21-\u00e5ring skjutits&hellip;\n","protected":false},"author":2,"featured_media":151278,"comment_status":"","ping_status":"","sticky":false,"template":"","format":"standard","meta":{"footnotes":""},"categories":[5],"tags":[22,23,26,27,17,21,24,25,28,29,15,16,18,34,31,33,32,30,19,20],"class_list":{"0":"post-151277","1":"post","2":"type-post","3":"status-publish","4":"format-standard","5":"has-post-thumbnail","7":"category-rubriker","8":"tag-breaking-news","9":"tag-breakingnews","10":"tag-featured-news","11":"tag-featurednews","12":"tag-headlines","13":"tag-huvudnyheter","14":"tag-latest-news","15":"tag-latestnews","16":"tag-main-news","17":"tag-mainnews","18":"tag-news","19":"tag-nyheter","20":"tag-rubriker","21":"tag-se","22":"tag-svenska","23":"tag-sverige","24":"tag-sweden","25":"tag-swedish","26":"tag-top-stories","27":"tag-topstories"},"share_on_mastodon":{"url":"https:\/\/pubeurope.com\/@se\/115984316673085492","error":""},"_links":{"self":[{"href":"https:\/\/www.europesays.com\/se\/wp-json\/wp\/v2\/posts\/151277","targetHints":{"allow":["GET"]}}],"collection":[{"href":"https:\/\/www.europesays.com\/se\/wp-json\/wp\/v2\/posts"}],"about":[{"href":"https:\/\/www.europesays.com\/se\/wp-json\/wp\/v2\/types\/post"}],"author":[{"embeddable":true,"href":"https:\/\/www.europesays.com\/se\/wp-json\/wp\/v2\/users\/2"}],"replies":[{"embeddable":true,"href":"https:\/\/www.europesays.com\/se\/wp-json\/wp\/v2\/comments?post=151277"}],"version-history":[{"count":0,"href":"https:\/\/www.europesays.com\/se\/wp-json\/wp\/v2\/posts\/151277\/revisions"}],"wp:featuredmedia":[{"embeddable":true,"href":"https:\/\/www.europesays.com\/se\/wp-json\/wp\/v2\/media\/151278"}],"wp:attachment":[{"href":"https:\/\/www.europesays.com\/se\/wp-json\/wp\/v2\/media?parent=151277"}],"wp:term":[{"taxonomy":"category","embeddable":true,"href":"https:\/\/www.europesays.com\/se\/wp-json\/wp\/v2\/categories?post=151277"},{"taxonomy":"post_tag","embeddable":true,"href":"https:\/\/www.europesays.com\/se\/wp-json\/wp\/v2\/tags?post=151277"}],"curies":[{"name":"wp","href":"https:\/\/api.w.org\/{rel}","templated":true}]}}