{"id":151283,"date":"2026-01-30T13:42:10","date_gmt":"2026-01-30T13:42:10","guid":{"rendered":"https:\/\/www.europesays.com\/se\/151283\/"},"modified":"2026-01-30T13:42:10","modified_gmt":"2026-01-30T13:42:10","slug":"stor-polisinsats-efter-ungdomsfest-i-are-ostersunds-posten","status":"publish","type":"post","link":"https:\/\/www.europesays.com\/se\/151283\/","title":{"rendered":"Stor polisinsats efter ungdomsfest i \u00c5re \u2013 \u00d6stersunds-Posten"},"content":{"rendered":"<p>Efter en ungdomsfest i \u00c5re kommun f\u00f6rra helgen har polisen slagit till mot personer som misst\u00e4nks ha s\u00e5lt narkotika.<\/p>\n<p>Enligt polisen deltog uppemot 20 ton\u00e5ringar p\u00e5 festen och flera av dem har medgett att de r\u00f6kte hasch. <\/p>\n<p>Nu bes\u00f6ker polisen ocks\u00e5 ungdomarnas hem \u2013 och varnar f\u00f6r allvarliga konsekvenser.<\/p>\n<p><img loading=\"lazy\" decoding=\"async\" width=\"980\" height=\"551\" class=\"article-image article-image--featured\" alt=\"Under onsdagen genomf\u00f6rde polisen ett tillslag mot en adress i kommunen hos en misst\u00e4nkt narkotikaf\u00f6rs\u00e4ljare. Tidigare i veckan genomf\u00f6rdes en ytterligare husrannsakan, \u00e4ven den p\u00e5 en adress i kommunen. &#10;Fr\u00e5n v\u00e4nster i bild: Erik Lannemar, Andreas Zehlander. \" src=\"https:\/\/www.europesays.com\/se\/wp-content\/uploads\/2026\/01\/62fb63fd-76ac-48d3-bd7a-d0f6a4b4e999.jpeg\"  \/><a class=\"article__lightbox-link\" href=\"https:\/\/static.bonniernews.se\/ba\/62fb63fd-76ac-48d3-bd7a-d0f6a4b4e999.jpeg?crop=3046%2C1713%2Cx0%2Cy160&amp;width=1400&amp;format=pjpg&amp;auto=avif\" data-pswp-width=\"1400\" data-pswp-height=\"788\" data-pswp-caption=\"Under onsdagen genomf\u00f6rde polisen ett tillslag mot en adress i kommunen hos en misst\u00e4nkt narkotikaf\u00f6rs\u00e4ljare. Tidigare i veckan genomf\u00f6rdes en ytterligare husrannsakan, \u00e4ven den p\u00e5 en adress i kommunen. &#010;Fr\u00e5n v\u00e4nster i bild: Erik Lannemar, Andreas Zehlander.  Bild: Greta Thom\u00e9\" data-pswp- rel=\"nofollow noopener\" target=\"_blank\">\u00d6ppna bild i helsk\u00e4rmsl\u00e4ge<\/a><\/p>\n<p class=\"txt-style-muted\" aria-hidden=\"true\">Under onsdagen genomf\u00f6rde polisen ett tillslag mot en adress i kommunen hos en misst\u00e4nkt narkotikaf\u00f6rs\u00e4ljare. Tidigare i veckan genomf\u00f6rdes en ytterligare husrannsakan, \u00e4ven den p\u00e5 en adress i kommunen.<br \/>\nFr\u00e5n v\u00e4nster i bild: Erik Lannemar, Andreas Zehlander. <\/p>\n<p class=\"article__figcaption-attribution txt-style-muted\">Bild: Greta Thom\u00e9<\/p>\n<p>Polisen i \u00c5re bedriver en f\u00f6runders\u00f6kning d\u00e4r en person misst\u00e4nks ha s\u00e5lt hasch<strong> <\/strong>till ungdomar. Utredningen inleddes efter en ungdomsfest f\u00f6rra helgen d\u00e4r ett 20-tal ungdomar i 15-\u00e5rs\u00e5ldern ska ha deltagit. <\/p>\n<p>Tekniskt fel<\/p>\n<p class=\"message__text txt-ui txt-ui-2\">V\u00e4nligen f\u00f6rs\u00f6k igen senare.<\/p>\n<p>Den h\u00e4r artikeln \u00e4r bara f\u00f6r prenumeranter<\/p>\n<p class=\"txt-body txt-body-1\">Om du redan \u00e4r prenumerant: logga in!<\/p>\n","protected":false},"excerpt":{"rendered":"Efter en ungdomsfest i \u00c5re kommun f\u00f6rra helgen har polisen slagit till mot personer som misst\u00e4nks ha s\u00e5lt&hellip;\n","protected":false},"author":2,"featured_media":151284,"comment_status":"","ping_status":"","sticky":false,"template":"","format":"standard","meta":{"footnotes":""},"categories":[12],"tags":[22,23,26,27,17,21,24,25,28,29,15,16,18,34,31,33,32,30,19,20],"class_list":{"0":"post-151283","1":"post","2":"type-post","3":"status-publish","4":"format-standard","5":"has-post-thumbnail","7":"category-sverige","8":"tag-breaking-news","9":"tag-breakingnews","10":"tag-featured-news","11":"tag-featurednews","12":"tag-headlines","13":"tag-huvudnyheter","14":"tag-latest-news","15":"tag-latestnews","16":"tag-main-news","17":"tag-mainnews","18":"tag-news","19":"tag-nyheter","20":"tag-rubriker","21":"tag-se","22":"tag-svenska","23":"tag-sverige","24":"tag-sweden","25":"tag-swedish","26":"tag-top-stories","27":"tag-topstories"},"share_on_mastodon":{"url":"https:\/\/pubeurope.com\/@se\/115984344278671811","error":""},"_links":{"self":[{"href":"https:\/\/www.europesays.com\/se\/wp-json\/wp\/v2\/posts\/151283","targetHints":{"allow":["GET"]}}],"collection":[{"href":"https:\/\/www.europesays.com\/se\/wp-json\/wp\/v2\/posts"}],"about":[{"href":"https:\/\/www.europesays.com\/se\/wp-json\/wp\/v2\/types\/post"}],"author":[{"embeddable":true,"href":"https:\/\/www.europesays.com\/se\/wp-json\/wp\/v2\/users\/2"}],"replies":[{"embeddable":true,"href":"https:\/\/www.europesays.com\/se\/wp-json\/wp\/v2\/comments?post=151283"}],"version-history":[{"count":0,"href":"https:\/\/www.europesays.com\/se\/wp-json\/wp\/v2\/posts\/151283\/revisions"}],"wp:featuredmedia":[{"embeddable":true,"href":"https:\/\/www.europesays.com\/se\/wp-json\/wp\/v2\/media\/151284"}],"wp:attachment":[{"href":"https:\/\/www.europesays.com\/se\/wp-json\/wp\/v2\/media?parent=151283"}],"wp:term":[{"taxonomy":"category","embeddable":true,"href":"https:\/\/www.europesays.com\/se\/wp-json\/wp\/v2\/categories?post=151283"},{"taxonomy":"post_tag","embeddable":true,"href":"https:\/\/www.europesays.com\/se\/wp-json\/wp\/v2\/tags?post=151283"}],"curies":[{"name":"wp","href":"https:\/\/api.w.org\/{rel}","templated":true}]}}