{"id":151285,"date":"2026-01-30T13:43:11","date_gmt":"2026-01-30T13:43:11","guid":{"rendered":"https:\/\/www.europesays.com\/se\/151285\/"},"modified":"2026-01-30T13:43:11","modified_gmt":"2026-01-30T13:43:11","slug":"miljonsmall-for-sd-efter-vildarnas-beslut","status":"publish","type":"post","link":"https:\/\/www.europesays.com\/se\/151285\/","title":{"rendered":"Miljonsm\u00e4ll f\u00f6r SD \u2013 efter vildarnas beslut"},"content":{"rendered":"<p>Katja Nyberg har blivit av med b\u00e5de sitt k\u00f6rkort och sin plats i Sverigedemokraternas riksdagsgrupp.<\/p>\n<p>Hon \u00e4r misst\u00e4nkt f\u00f6r narkotikabrott och rattfylleri, och Sverigedemokraternas vice partiledare Henrik Vinge har sagt att hon inte l\u00e4ngre kan f\u00f6retr\u00e4da partiet i riksdagen.<\/p>\n<p>Till Epoch Times har Katja Nyberg dock gjort klart att hon inte kommer l\u00e4mna sitt uppdrag som riksdagsledamot.<\/p>\n<p>Formellt har hon fortfarande kvar sin partibeteckning till det att hon kommit in med en skriftlig beg\u00e4ran om att l\u00e4mna SD och \u00e4rendet sedan har hanterats i kammaren. N\u00e5got som kan ske f\u00f6rst p\u00e5 tisdag n\u00e4sta vecka.<\/p>\n<p>SD f\u00f6rlorar mest p\u00e5 sina vildar<\/p>\n<p>Om det sker s\u00e5 inneb\u00e4r det en ekonomisk f\u00f6rlust f\u00f6r Sverigedemokraterna eftersom partist\u00f6det blir mindre.<\/p>\n<p>Riksdagen betalar kvartalsvis ut bidrag till partierna f\u00f6r riksdagsledam\u00f6ternas arbete. 2026\u00a0ligger det st\u00f6det p\u00e5 drygt 228\u00a0000 kronor per riksdagsledamot. St\u00f6det g\u00e5r till partierna och inte till den enskilda ledamoten. D\u00e4rf\u00f6r g\u00f6rs ett avdrag n\u00e4r en ledamot l\u00e4mnar sin partibeteckning.<\/p>\n<p>N\u00e4r Katja Nyberg blir en s\u00e5 kallad politisk vilde s\u00e5 kommer Sverigedemokraterna ha blivit av med tre ledam\u00f6ter under mandatperioden. Sverigedemokraterna \u00e4r d\u00e4rmed det parti som g\u00e5tt miste om mest pengar.<\/p>\n<p>Miljonnotan f\u00f6r Elsa Widding<\/p>\n<p>Elsa Widding l\u00e4mnade Sverigedemokraterna i maj 2023 men valde att beh\u00e5lla sin riksdagsplats. Sitter hon kvar p\u00e5 sin post fram till valet s\u00e5 kommer det inneb\u00e4ra att partiet totalt g\u00e5tt miste om 2,4 miljoner kronor p\u00e5 grund av hennes beslut.<\/p>\n<p>Partist\u00f6det f\u00f6r Katja Nyberg och Sara-Lena Bj\u00e4lk\u00f6, som meddelade att hon l\u00e4mnar SD i december, har hunnit betalas ut f\u00f6r det f\u00f6rsta kvartalet 2026. Men totalt kan det uteblivna partist\u00f6det f\u00f6r de tv\u00e5 uppg\u00e5 till drygt 900\u00a0000 kronor innan mandatperioden \u00e4r slut.<\/p>\n<p>Totalt kan allts\u00e5 Sverigedemokraterna g\u00e5 miste om 3,3 miljoner kronor p\u00e5 grund av att deras tidigare riksdagsledam\u00f6ter valt att inte l\u00e4mna riksdagen.<\/p>\n","protected":false},"excerpt":{"rendered":"Katja Nyberg har blivit av med b\u00e5de sitt k\u00f6rkort och sin plats i Sverigedemokraternas riksdagsgrupp. Hon \u00e4r misst\u00e4nkt&hellip;\n","protected":false},"author":2,"featured_media":151286,"comment_status":"","ping_status":"","sticky":false,"template":"","format":"standard","meta":{"footnotes":""},"categories":[5],"tags":[22,23,26,27,17,21,24,25,28,29,15,16,18,34,31,33,32,30,19,20],"class_list":{"0":"post-151285","1":"post","2":"type-post","3":"status-publish","4":"format-standard","5":"has-post-thumbnail","7":"category-rubriker","8":"tag-breaking-news","9":"tag-breakingnews","10":"tag-featured-news","11":"tag-featurednews","12":"tag-headlines","13":"tag-huvudnyheter","14":"tag-latest-news","15":"tag-latestnews","16":"tag-main-news","17":"tag-mainnews","18":"tag-news","19":"tag-nyheter","20":"tag-rubriker","21":"tag-se","22":"tag-svenska","23":"tag-sverige","24":"tag-sweden","25":"tag-swedish","26":"tag-top-stories","27":"tag-topstories"},"share_on_mastodon":{"url":"https:\/\/pubeurope.com\/@se\/115984348143745369","error":""},"_links":{"self":[{"href":"https:\/\/www.europesays.com\/se\/wp-json\/wp\/v2\/posts\/151285","targetHints":{"allow":["GET"]}}],"collection":[{"href":"https:\/\/www.europesays.com\/se\/wp-json\/wp\/v2\/posts"}],"about":[{"href":"https:\/\/www.europesays.com\/se\/wp-json\/wp\/v2\/types\/post"}],"author":[{"embeddable":true,"href":"https:\/\/www.europesays.com\/se\/wp-json\/wp\/v2\/users\/2"}],"replies":[{"embeddable":true,"href":"https:\/\/www.europesays.com\/se\/wp-json\/wp\/v2\/comments?post=151285"}],"version-history":[{"count":0,"href":"https:\/\/www.europesays.com\/se\/wp-json\/wp\/v2\/posts\/151285\/revisions"}],"wp:featuredmedia":[{"embeddable":true,"href":"https:\/\/www.europesays.com\/se\/wp-json\/wp\/v2\/media\/151286"}],"wp:attachment":[{"href":"https:\/\/www.europesays.com\/se\/wp-json\/wp\/v2\/media?parent=151285"}],"wp:term":[{"taxonomy":"category","embeddable":true,"href":"https:\/\/www.europesays.com\/se\/wp-json\/wp\/v2\/categories?post=151285"},{"taxonomy":"post_tag","embeddable":true,"href":"https:\/\/www.europesays.com\/se\/wp-json\/wp\/v2\/tags?post=151285"}],"curies":[{"name":"wp","href":"https:\/\/api.w.org\/{rel}","templated":true}]}}