{"id":151290,"date":"2026-01-30T13:51:28","date_gmt":"2026-01-30T13:51:28","guid":{"rendered":"https:\/\/www.europesays.com\/se\/151290\/"},"modified":"2026-01-30T13:51:28","modified_gmt":"2026-01-30T13:51:28","slug":"forvaltningschef-byter-myndighet-polismyndigheten","status":"publish","type":"post","link":"https:\/\/www.europesays.com\/se\/151290\/","title":{"rendered":"F\u00f6rvaltningschef byter myndighet | Polismyndigheten"},"content":{"rendered":"<p class=\"preamble\">&#13;<br \/>\n            Martin Valfridsson l\u00e4mnar sin befattning som f\u00f6rvaltningschef och tilltr\u00e4der den 3 mars tj\u00e4nsten som generaldirekt\u00f6r f\u00f6r Statens institutionsstyrelse, SiS.&#13;\n        <\/p>\n<p>Malena Grann, nuvarande regionpolischef i region \u00d6st, utses till tillf\u00f6rordnad f\u00f6rvaltningschef och tilltr\u00e4der nya tj\u00e4nsten den 3 mars.<\/p>\n<p>\u2013 Martin Valfridsson har under sin tid hos oss bidragit med stor kompetens, professionalism och engagemang. Vi tackar f\u00f6r det v\u00e4rdefulla arbetet och \u00f6nskar all framg\u00e5ng i den nya befattningen, s\u00e4ger rikspolischef Petra Lundh.<\/p>\n<p>&#13;<br \/>\n                    <strong>&#13;<br \/>\n                        Publicerad&#13;<br \/>\n                    <\/strong>&#13;<br \/>\n                    &#13;<br \/>\n                        30 januari 2026 14.44&#13;<br \/>\n                    &#13;<br \/>\n                    <br \/>&#13;\n            <\/p>\n<p>        &#13;<br \/>\n    &#13;<br \/>\n    &#13;<\/p>\n","protected":false},"excerpt":{"rendered":"&#13; Martin Valfridsson l\u00e4mnar sin befattning som f\u00f6rvaltningschef och tilltr\u00e4der den 3 mars tj\u00e4nsten som generaldirekt\u00f6r f\u00f6r Statens&hellip;\n","protected":false},"author":2,"featured_media":54,"comment_status":"","ping_status":"","sticky":false,"template":"","format":"standard","meta":{"footnotes":""},"categories":[5],"tags":[22,23,26,27,17,21,24,25,28,29,15,16,18,34,31,33,32,30,19,20],"class_list":{"0":"post-151290","1":"post","2":"type-post","3":"status-publish","4":"format-standard","5":"has-post-thumbnail","7":"category-rubriker","8":"tag-breaking-news","9":"tag-breakingnews","10":"tag-featured-news","11":"tag-featurednews","12":"tag-headlines","13":"tag-huvudnyheter","14":"tag-latest-news","15":"tag-latestnews","16":"tag-main-news","17":"tag-mainnews","18":"tag-news","19":"tag-nyheter","20":"tag-rubriker","21":"tag-se","22":"tag-svenska","23":"tag-sverige","24":"tag-sweden","25":"tag-swedish","26":"tag-top-stories","27":"tag-topstories"},"share_on_mastodon":{"url":"https:\/\/pubeurope.com\/@se\/115984379660361787","error":""},"_links":{"self":[{"href":"https:\/\/www.europesays.com\/se\/wp-json\/wp\/v2\/posts\/151290","targetHints":{"allow":["GET"]}}],"collection":[{"href":"https:\/\/www.europesays.com\/se\/wp-json\/wp\/v2\/posts"}],"about":[{"href":"https:\/\/www.europesays.com\/se\/wp-json\/wp\/v2\/types\/post"}],"author":[{"embeddable":true,"href":"https:\/\/www.europesays.com\/se\/wp-json\/wp\/v2\/users\/2"}],"replies":[{"embeddable":true,"href":"https:\/\/www.europesays.com\/se\/wp-json\/wp\/v2\/comments?post=151290"}],"version-history":[{"count":0,"href":"https:\/\/www.europesays.com\/se\/wp-json\/wp\/v2\/posts\/151290\/revisions"}],"wp:featuredmedia":[{"embeddable":true,"href":"https:\/\/www.europesays.com\/se\/wp-json\/wp\/v2\/media\/54"}],"wp:attachment":[{"href":"https:\/\/www.europesays.com\/se\/wp-json\/wp\/v2\/media?parent=151290"}],"wp:term":[{"taxonomy":"category","embeddable":true,"href":"https:\/\/www.europesays.com\/se\/wp-json\/wp\/v2\/categories?post=151290"},{"taxonomy":"post_tag","embeddable":true,"href":"https:\/\/www.europesays.com\/se\/wp-json\/wp\/v2\/tags?post=151290"}],"curies":[{"name":"wp","href":"https:\/\/api.w.org\/{rel}","templated":true}]}}