{"id":151293,"date":"2026-01-30T13:54:14","date_gmt":"2026-01-30T13:54:14","guid":{"rendered":"https:\/\/www.europesays.com\/se\/151293\/"},"modified":"2026-01-30T13:54:14","modified_gmt":"2026-01-30T13:54:14","slug":"10-konsert-eventtips-fran-nalen-februari-mars-2026","status":"publish","type":"post","link":"https:\/\/www.europesays.com\/se\/151293\/","title":{"rendered":"10 konsert- &#038; eventtips fr\u00e5n Nalen \u2013 februari &#038; mars 2026"},"content":{"rendered":"<p><a target=\"_blank\" href=\"https:\/\/nyheter.nalen.com\/posts\/pressreleases\/10-konsert--eventtips-fran-nalen-februari-mar\" rel=\"nofollow noopener\"><img decoding=\"async\" class=\"image\" src=\"https:\/\/www.europesays.com\/se\/wp-content\/uploads\/2026\/01\/DgDX8dUfRHGJILJnswQg.webp\" alt=\"Domenique Dumont 19 mars 2026 Nalen Stockholm \"\/><\/a><\/p>\n<p><strong>Fransk-baltisk indiepop, Loney Dear med nytt album, Grammy-vinnare och ikoniska soundtrack, en romantisk komedi om den till stor del obesjungna relationen mitt i livet och tre tips p\u00e5 Alla hj\u00e4rtans dag \u2013 h\u00e4r \u00e4r 10 konserter och event att h\u00e5lla koll p\u00e5 i februari och mars hos Nalen.<\/strong><\/p>\n<p><a href=\"https:\/\/nalen.com\/sv\/konsert\/domenique-dumont\" rel=\"nofollow noopener\" target=\"_blank\">Domenique Dumont | 19 mars | Nalen Klubb<\/a><br \/>Efter Sverigedebuten p\u00e5 Hosoi Festival 2022 och med det nya albumet\u00a0Deux Paradis\u00a0i bagaget, \u00e5terv\u00e4nder \u00e4ntligen den fransk-baltiska duon till Stockholm.\u00a0<strong>Domenique Dumont<\/strong> har skapat en helt unik och magisk musikv\u00e4rld, inb\u00e4ddad i hypnotiska trummaskiner och rytmer som r\u00f6r sig mellan samba, bossa nova och disco, omslutna av grooviga basg\u00e5ngar och sv\u00e4vande syntmelodier. Ett m\u00f6te mellan psykedelisk och experimentell indiepop och dr\u00f6mska, filmiska ljudlandskap v\u00e4ntas den 19 mars p\u00e5 Nalen.<\/p>\n<p><strong><a href=\"https:\/\/nalen.com\/sv\/konsert\/linnea-henriksson\" rel=\"nofollow noopener\" target=\"_blank\">Linnea Henriksson | 21 februari | Stora Salen<\/a><br \/><\/strong>Efter sl\u00e4ppet av det nya albumet\u00a0Du &amp; jag &amp; mera tid, en romantisk komedi om den till stor del obesjungna relationen mitt i livet, \u00e4r det \u00e4ntligen dags f\u00f6r releaseturn\u00e9. I slutet av februari intar en av Sveriges mest folkk\u00e4ra popikoner,\u00a0<strong>Linnea Henriksson<\/strong>, Stora Salen p\u00e5 Nalen.<\/p>\n<p><a href=\"https:\/\/nalen.com\/sv\/konsert\/madison-cunningham\" rel=\"nofollow noopener\" target=\"_blank\"><strong>Madison Cunningham | 16 februari | Stora Salen<\/strong><\/a><br \/>Grammy-vinnaren\u00a0<strong>Madison Cunningham<\/strong>\u00a0\u00e5terv\u00e4nder till Nalen den 16 februari med det nya albumet\u00a0Ace. Efter att ha trollbundit publiken i Nalen Klubb f\u00f6r tv\u00e5 \u00e5r sedan kommer hon nu till Stora Salen. Den nya skivan\u00a0Ace \u00e4r en resa genom hj\u00e4rtesorg, mod och f\u00f6rsoning \u2013 14 sp\u00e5r fyllda av k\u00e4nsla, s\u00e5rbarhet och styrka. En chans att uppleva en av v\u00e5r tids mest fascinerande folkmusikartister live!<\/p>\n<p><img decoding=\"async\" src=\"https:\/\/www.europesays.com\/se\/wp-content\/uploads\/2026\/01\/njAFETFwRNqK5UsmvFCQ.jpeg\"\/><\/p>\n<p><a href=\"https:\/\/nalen.com\/sv\/konsert\/unknown-mortal-orchestra\" rel=\"nofollow noopener\" target=\"_blank\"><strong>Unknown Mortal Orchestra (Support: Sean Solomon) | 18 mars | Stora Salen\u00a0<\/strong><\/a><br \/>Snart \u00e5terv\u00e4nder de till Stockholm f\u00f6r en exklusiv spelning p\u00e5 Nalen. Med nya EP:n Curse\u00a0f\u00f6rvandlar<strong>\u00a0Ruban Nielson\u00a0<\/strong>sina soliga melodier till m\u00f6rka, skr\u00e4ckfilmsinspirerade ljudv\u00e4rldar. Den 18 mars spelar <strong>Unknown Mortal Orchestra<\/strong> p\u00e5 Nalen \u2013 en kv\u00e4ll som visar varf\u00f6r de r\u00e4knas som ett av indiemusikens mest vision\u00e4ra band.<\/p>\n<p><strong><a href=\"https:\/\/nalen.com\/sv\/konsert\/willow-avalon\" rel=\"nofollow noopener\" target=\"_blank\">Willow Avalon | 19 februari | Stora Salen<\/a><br \/><\/strong>Nyligen har hon turnerat med legenderna\u00a0<strong>Bob Dylan<\/strong>\u00a0och\u00a0<strong>Willie Nelson<\/strong>\u00a0och som soloartist spelat p\u00e5 stora scener v\u00e4rlden \u00f6ver \u2013 vilket s\u00e4ger allt. Efter att ha sl\u00e4ppt den hyllade debutsingeln\u00a0Drivin, f\u00f6ljt av det kritikerrosade debutalbumet\u00a0Southern Belle Raisin\u2019 Hell f\u00f6rra \u00e5ret, har hon verkligen gjort sig ett namn. <strong>Willow Avalon<\/strong> r\u00e4knas i dag som en ledande stj\u00e4rna inom modern country. Nu st\u00e5r en konsert i Sverige p\u00e5 tur. Den 19 februari p\u00e5 Nalen i Stockholm.<\/p>\n<p><strong><a href=\"https:\/\/nalen.com\/sv\/konsert\/alfa-mist\" rel=\"nofollow noopener\" target=\"_blank\">Alfa Mist | 5 februari | Stora Salen<\/a><br \/><\/strong>Multiinstrumentalisten, rapparen och producenten\u00a0<strong>Alfa Mist\u00a0<\/strong>fr\u00e5n \u00f6stra London har en helt fantastisk musikpalett som rymmer alternativ jazz, hiphop, improvisation och neoklassiska klanger. Efter framtr\u00e4danden p\u00e5 scener som\u00a0Sydney Opera House\u00a0och\u00a0Royal Albert Hall\u00a0bjuder Alfa Mist och sitt femmannaband p\u00e5 en kavalkad av musikaliska fyrverkerier. Snart \u00e4r det dags f\u00f6r Nalen, d\u00e4r Stockholm f\u00e5r ta del av denna briljanta liveakt!<\/p>\n<p><img decoding=\"async\" src=\"https:\/\/www.europesays.com\/se\/wp-content\/uploads\/2026\/01\/UzLdibFRdOke83o4Zy41.jpeg\"\/><\/p>\n<p><strong><a href=\"https:\/\/nalen.com\/sv\/konsert\/tangerine-dream\" rel=\"nofollow noopener\" target=\"_blank\">Tangerine Dream | 9 februari | Stora Salen<\/a><br \/><\/strong>Pionj\u00e4rerna bakom den elektroniska musikens utveckling \u00e5terv\u00e4nder till scenen med sitt klassiska, sekvenserardrivna sound. Sedan starten 1967 har\u00a0<strong>Tangerine Dream\u00a0<\/strong>format genrens historia med banbrytande album som\u00a0Phaedra\u00a0och definierat Berlin-skolan inom elektronisk musik. Med ikoniska soundtrack till\u00a0Sorcerer,\u00a0Thief\u00a0och\u00a0Legend, och\u00a0GTA V, har de fortsatt visa sin innovationskraft. Snart \u00e5terv\u00e4nder de till Nalen med samma vision\u00e4ra energi.\u00a0<\/p>\n<p><a href=\"https:\/\/nalen.com\/sv\/konsert\/the-dahmers\" rel=\"nofollow noopener\" target=\"_blank\"><strong>The Dahmers (Support: Freedom) | 20 februari | Nalen Klubb<\/strong><\/a><br \/>Under \u00e5ren har\u00a0<strong>The Dahmers<\/strong>\u00a0turnerat \u00f6ver stora delar av Europa och \u00f6ppnat f\u00f6r allt fr\u00e5n The Hellacopters och The Hives till Viagra Boys, Sator och The Baboon Show. Fredag den 20 februari firar de sitt kommande album\u00a0Creature Feature\u00a0i Nalen Klubb, tillsammans med Stockholmsbandet\u00a0<strong>Freedom<\/strong>\u00a0som support och\u00a0<strong>Felix Lind\u00e9n\u00a0<\/strong>bakom DJ-b\u00e5set. Med medryckande melodier och m\u00f6rka teman levererar de alltid med den energi och h\u00e4ngivenhet som gjort The Dahmers k\u00e4nda f\u00f6r sina sensationella liveshower!<\/p>\n<p><strong><a href=\"https:\/\/nalen.com\/sv\/konsert\/loney-dear\" rel=\"nofollow noopener\" target=\"_blank\">Loney Dear | 26 mars | Stora Salen<\/a><br \/><\/strong>Med sitt nya album <a href=\"https:\/\/open.spotify.com\/album\/03LQnlJrUNu28Ligh1RwlB?si=uQ50FYImRouj-q3vzpqoqQ\" rel=\"nofollow noopener\" target=\"_blank\">Making friends is easy<\/a>\u00a0och ett konstn\u00e4rskap hyllat av b\u00e5de kritiker och kollegor visar <strong>Emil Svan\u00e4ngen<\/strong>, alias\u00a0<strong>Loney Dear<\/strong>, \u00e5terigen varf\u00f6r han r\u00e4knas till en av Sveriges mest s\u00e4rpr\u00e4glade och \u00e4lskade artister. Efter snart 25 \u00e5r av egensinnigt och djupt ber\u00f6rande musikskapande \u00e5terv\u00e4nder han till Stora Salen p\u00e5 Nalen den 26 mars!<\/p>\n<p><img decoding=\"async\" src=\"https:\/\/www.europesays.com\/se\/wp-content\/uploads\/2026\/01\/ekCDnkbPQNGT26NVFkRr.jpeg\"\/><\/p>\n<p><strong><a href=\"https:\/\/nalen.com\/sv\/konserter-event\" rel=\"nofollow noopener\" target=\"_blank\">Alla hj\u00e4rtans dag | 14 februari | Jazzbrunch, Trer\u00e4ttersmiddag, Matt Maeson<\/a><\/strong><\/p>\n<p>Den 14 februari p\u00e5<strong> Alla hj\u00e4rtans dag<\/strong> bjuder Nalen in till <strong>Jazzbrunch<\/strong>, <strong>trer\u00e4ttersmiddag<\/strong> och konsert med <strong>Matt Maeson<\/strong>!<strong\/><\/p>\n<p><a href=\"https:\/\/nalen.com\/sv\/konsert\/jazzbrunch-2026\" rel=\"nofollow noopener\" target=\"_blank\">Jazzbrunch | Nalen Restaurang (F\u00c5TAL KVAR)<\/a><br \/>Fira dagen med en klassisk bordserverad\u00a0brunch\u00a0till tonerna av\u00a0livejazz\u00a0i Nalen Restaurang. V\u00e4lj mellan tv\u00e5 sittningar.\u00a0<a href=\"https:\/\/nalen.com\/sv\/konsert\/jazzbrunch-2026\" rel=\"nofollow noopener\" target=\"_blank\">L\u00e4s mer och s\u00e4kra dina biljetter h\u00e4r.<\/a><br \/><strong><br \/><a href=\"https:\/\/nalen.com\/sv\/konsert\/alla-hjaertans-dag\" rel=\"nofollow noopener\" target=\"_blank\">Trer\u00e4ttersmiddag | Nalen Restaurang<\/a><br \/><\/strong>Under kv\u00e4llen kan du \u00e4ven komma p\u00e5 en\u00a0<strong>romantisk trer\u00e4ttersmiddag<\/strong>\u00a0i restaurangen. V\u00e4lj mellan tv\u00e5 menyer och tv\u00e5 sittningar. Middagen serveras som en satt meny framtagen f\u00f6r kv\u00e4llen.\u00a0<a href=\"https:\/\/nalen.com\/sv\/konsert\/alla-hjaertans-dag\" rel=\"nofollow noopener\" target=\"_blank\">L\u00e4s mer och boka bord h\u00e4r.<\/a><strong\/><\/p>\n<p><a href=\"https:\/\/nalen.com\/sv\/konsert\/matt-maeson\" rel=\"nofollow noopener\" target=\"_blank\">Matt Maeson (Support: Steinza) | Stora Salen (F\u00c5TAL KVAR)<\/a><br \/>Samma kv\u00e4ll spelar \u00e4ven den lika f\u00e4ngslande som medryckande indiepopakten\u00a0<strong>Matt Maeson<\/strong> i\u00a0Stora Salen, med Nashville-baserade\u00a0<strong>Steinza <\/strong>som support.\u00a0<a href=\"https:\/\/nalen.com\/sv\/konsert\/matt-maeson\" rel=\"nofollow noopener\" target=\"_blank\">L\u00e4s mer och s\u00e4kra dina biljetter h\u00e4r.<\/a><\/p>\n<p><img decoding=\"async\" src=\"https:\/\/www.europesays.com\/se\/wp-content\/uploads\/2026\/01\/OCIwnMITWevhwI4fzf3T.jpeg\"\/><br \/><strong><br \/><\/strong><\/p>\n<p><a target=\"_blank\" class=\"btn btn-green me-2 mt-1\" href=\"https:\/\/nyheter.nalen.com\/posts\/pressreleases\/10-konsert--eventtips-fran-nalen-februari-mar\" rel=\"nofollow noopener\">Read post on NALEN newsroom<\/a><a target=\"_blank\" class=\"btn btn-green mt-1\" href=\"https:\/\/nyheter.nalen.com\" rel=\"nofollow noopener\">Visit NALEN newsroom<\/a><\/p>\n","protected":false},"excerpt":{"rendered":"Fransk-baltisk indiepop, Loney Dear med nytt album, Grammy-vinnare och ikoniska soundtrack, en romantisk komedi om den till stor&hellip;\n","protected":false},"author":2,"featured_media":151294,"comment_status":"","ping_status":"","sticky":false,"template":"","format":"standard","meta":{"footnotes":""},"categories":[67],"tags":[104,34,31,33,32,30,105],"class_list":{"0":"post-151293","1":"post","2":"type-post","3":"status-publish","4":"format-standard","5":"has-post-thumbnail","7":"category-underhallning","8":"tag-entertainment","9":"tag-se","10":"tag-svenska","11":"tag-sverige","12":"tag-sweden","13":"tag-swedish","14":"tag-underhallning"},"share_on_mastodon":{"url":"https:\/\/pubeurope.com\/@se\/115984391445878059","error":""},"_links":{"self":[{"href":"https:\/\/www.europesays.com\/se\/wp-json\/wp\/v2\/posts\/151293","targetHints":{"allow":["GET"]}}],"collection":[{"href":"https:\/\/www.europesays.com\/se\/wp-json\/wp\/v2\/posts"}],"about":[{"href":"https:\/\/www.europesays.com\/se\/wp-json\/wp\/v2\/types\/post"}],"author":[{"embeddable":true,"href":"https:\/\/www.europesays.com\/se\/wp-json\/wp\/v2\/users\/2"}],"replies":[{"embeddable":true,"href":"https:\/\/www.europesays.com\/se\/wp-json\/wp\/v2\/comments?post=151293"}],"version-history":[{"count":0,"href":"https:\/\/www.europesays.com\/se\/wp-json\/wp\/v2\/posts\/151293\/revisions"}],"wp:featuredmedia":[{"embeddable":true,"href":"https:\/\/www.europesays.com\/se\/wp-json\/wp\/v2\/media\/151294"}],"wp:attachment":[{"href":"https:\/\/www.europesays.com\/se\/wp-json\/wp\/v2\/media?parent=151293"}],"wp:term":[{"taxonomy":"category","embeddable":true,"href":"https:\/\/www.europesays.com\/se\/wp-json\/wp\/v2\/categories?post=151293"},{"taxonomy":"post_tag","embeddable":true,"href":"https:\/\/www.europesays.com\/se\/wp-json\/wp\/v2\/tags?post=151293"}],"curies":[{"name":"wp","href":"https:\/\/api.w.org\/{rel}","templated":true}]}}